{"id":13498,"date":"2025-03-26T12:15:01","date_gmt":"2025-03-26T11:15:01","guid":{"rendered":"https:\/\/serbenidorm.daliisolutions.com\/index.php\/2025\/03\/26\/la-policia-detiene-en-benidorm-a-un-constructor-por-explotar-laboralmente-a-migrantes\/"},"modified":"2025-03-26T12:15:01","modified_gmt":"2025-03-26T11:15:01","slug":"la-policia-detiene-en-benidorm-a-un-constructor-por-explotar-laboralmente-a-migrantes","status":"publish","type":"post","link":"https:\/\/serbenidorm.daliisolutions.com\/index.php\/2025\/03\/26\/la-policia-detiene-en-benidorm-a-un-constructor-por-explotar-laboralmente-a-migrantes\/","title":{"rendered":"La Polic\u00eda detiene en Benidorm a un constructor por explotar laboralmente a migrantes"},"content":{"rendered":"  <p><div data-adtype=\"MLDB\"><\/div><\/p>   <p>Benidorm<\/p>   <p>La Polic\u00eda Nacional ha detenido en Benidorm a un constructor por explotar a sus trabajadores. <a href=\"https:\/\/cadenaser.com\/tag\/benidorm\/a\/\" target=\"_blank\">Responsable de la obra de varios chalets sin licencia en la capital tur\u00edstica<\/a>, concretamente en pleno parque natural de Serra Gelada, se dedicaba a contratar a personas migrantes en situaci\u00f3n irregular.<\/p>   <p>Seg\u00fan ha explicado el cuerpo en un comunicado el arrestado, acusado de un delito contra el derecho de los trabajadores,<b> <\/b>los amenazaba con dar parte a las autoridades de su situaci\u00f3n, sin permiso de trabajo y residencia, y no les pagaba salario alguno por su trabajo ni les brindaba equipos de protecci\u00f3n.<\/p>  <p><p>M\u00e1s informaci\u00f3n<\/p><figure><img loading=\"lazy\" decoding=\"async\" src=\"https:\/\/cadenaser.com\/resizer\/v2\/4YWWJWSOJBGQ3JTZHDJUWRI7FU.jpg?auth=a87f7dfa44546b01da7eac8081278ec253ae94e8798ce4aecce25cee6797f501&amp;quality=70&amp;width=360&amp;height=202&amp;smart=true\" width=\"820\" height=\"621\" \/><\/figure><ul><li><a href=\"https:\/\/cadenaser.com\/comunitat-valenciana\/2025\/03\/20\/vandalismo-en-benidorm-3400-euros-de-multa-a-un-hombre-de-60-anos-por-romper-unas-vallas-hasta-25-veces-radio-benidorm\/\"><span>Vandalismo en Benidorm: 3.400 euros de multa a un hombre de 60 a\u00f1os por romper unas vallas hasta 25 veces<\/span><\/a><\/li><\/ul><\/p>   <p>Para ello, se realizaron diversas vigilancias con las que se pudo constatar que en la obra se encontraban trabajando un total de 15 personas de las cuales diez no ten\u00edan permiso de residencia por lo que no pod\u00edan trabajar ni estar dados de alta en la Seguridad Social.<\/p>   <p>Igualmente, los investigadores comprobaron que la construcci\u00f3n carec\u00eda de la correspondiente licencia de obras, no teniendo autorizaci\u00f3n para ejercer la actividad que se estaba ejecutando.<\/p>   <p>El detenido, tras la pr\u00e1ctica de las diligencias policiales, ha sido puesto a disposici\u00f3n del juzgado de instrucci\u00f3n de guardia de la ciudad.<\/p>   <p>     .c-w {         max-width: 662px;         width: 100%;         margin:12px 0 24px auto;         background: #00755E;         border-radius: 99px;         display: flex;         align-items: center;         justify-content: center;     }     .c-w:hover {         background-color:#6CB3A5;     }      .c-w a {         display: flex;         align-items: center;         justify-content: center;         padding: 6px 0;         width:100%;     }      .c-w img {         width: 24px;         margin-right: 12px;     }      .c-w p {         font: 18px\/30px Poppins;         text-align: center;         color: #fff;         margin: 0;     }      @media (max-width:444px) {         .c-w a {             padding: 4px 12px;         }          .c-w img {             width: 24px;             margin-right: 8px;         }          .c-w p {             font: 14px\/25px Poppins;         }     }      @media (max-width:335px) {         .c-w p {             font: 13px\/25px Poppins;         }     }  <div class=\"c-w\"> <a href=\"https:\/\/www.whatsapp.com\/channel\/0029Va633PF9WtC4l7XUzh1e\" rel=\"nofollow\" target=\"_blank\">         <img decoding=\"async\" src=\"https:\/\/cadenaser.com\/estaticos\/recursosgraficos\/responsive\/img\/ico-whatsapp.svg\" alt=\"Whatsapp\">         <p>\u00danete al <b>canal de WhatsApp<\/b> de la SER<\/p>     <\/a> <\/div><\/p> ","protected":false},"excerpt":{"rendered":"<p>Les amenazaba con denunciar su situaci\u00f3n irregular y no les pagaba su trabajo<\/p>\n","protected":false},"author":0,"featured_media":13499,"comment_status":"open","ping_status":"open","sticky":false,"template":"","format":"standard","meta":{"_acf_changed":false,"footnotes":""},"categories":[1],"tags":[],"class_list":["post-13498","post","type-post","status-publish","format-standard","has-post-thumbnail","hentry","category-sin-categoria"],"acf":{"ser_id":"BVIFRALUE5ENPIZPNUGMOKUTKE","ser_url":"https:\/\/cadenaser.com\/comunitat-valenciana\/2025\/03\/21\/la-policia-detiene-en-benidorm-a-un-constructor-por-explotar-laboralmente-a-migrantes-radio-benidorm\/"},"_links":{"self":[{"href":"https:\/\/serbenidorm.daliisolutions.com\/index.php\/wp-json\/wp\/v2\/posts\/13498","targetHints":{"allow":["GET"]}}],"collection":[{"href":"https:\/\/serbenidorm.daliisolutions.com\/index.php\/wp-json\/wp\/v2\/posts"}],"about":[{"href":"https:\/\/serbenidorm.daliisolutions.com\/index.php\/wp-json\/wp\/v2\/types\/post"}],"replies":[{"embeddable":true,"href":"https:\/\/serbenidorm.daliisolutions.com\/index.php\/wp-json\/wp\/v2\/comments?post=13498"}],"version-history":[{"count":0,"href":"https:\/\/serbenidorm.daliisolutions.com\/index.php\/wp-json\/wp\/v2\/posts\/13498\/revisions"}],"wp:featuredmedia":[{"embeddable":true,"href":"https:\/\/serbenidorm.daliisolutions.com\/index.php\/wp-json\/wp\/v2\/media\/13499"}],"wp:attachment":[{"href":"https:\/\/serbenidorm.daliisolutions.com\/index.php\/wp-json\/wp\/v2\/media?parent=13498"}],"wp:term":[{"taxonomy":"category","embeddable":true,"href":"https:\/\/serbenidorm.daliisolutions.com\/index.php\/wp-json\/wp\/v2\/categories?post=13498"},{"taxonomy":"post_tag","embeddable":true,"href":"https:\/\/serbenidorm.daliisolutions.com\/index.php\/wp-json\/wp\/v2\/tags?post=13498"}],"curies":[{"name":"wp","href":"https:\/\/api.w.org\/{rel}","templated":true}]}}