{"id":13500,"date":"2025-03-26T12:15:02","date_gmt":"2025-03-26T11:15:02","guid":{"rendered":"https:\/\/serbenidorm.daliisolutions.com\/index.php\/2025\/03\/26\/a-juicio-por-agredir-sexualmente-a-su-expareja-y-saltarse-la-orden-de-alejamiento-en-benidorm\/"},"modified":"2025-03-26T12:15:02","modified_gmt":"2025-03-26T11:15:02","slug":"a-juicio-por-agredir-sexualmente-a-su-expareja-y-saltarse-la-orden-de-alejamiento-en-benidorm","status":"publish","type":"post","link":"https:\/\/serbenidorm.daliisolutions.com\/index.php\/2025\/03\/26\/a-juicio-por-agredir-sexualmente-a-su-expareja-y-saltarse-la-orden-de-alejamiento-en-benidorm\/","title":{"rendered":"A juicio por agredir sexualmente a su expareja y saltarse la orden de alejamiento en Benidorm"},"content":{"rendered":"  <p><div data-adtype=\"MLDB\"><\/div><\/p>   <p>Benidorm<\/p>   <p>Este jueves comienza en la\u00a0Audiencia Provincial de Alicante\u00a0el juicio\u00a0a un hombre por un delito de agresi\u00f3n sexual y otro de quebrantamiento de medida cautelar, tras forzar sexualmente a su expareja, de quien ten\u00eda una<a href=\"https:\/\/cadenaser.com\/tag\/benidorm\/a\/\" target=\"_blank\"> prohibici\u00f3n de aproximaci\u00f3n en Benidorm<\/a> seg\u00fan han informado desde el Tribunal Superior de Justicia de la Comunitat Valenciana (TSJCV).<\/p>   <p>Los hechos empezaron el 2 de julio de 2023 cuando el encausado se person\u00f3 en casa de la v\u00edctima y, seg\u00fan la acusaci\u00f3n p\u00fablica, la agredi\u00f3 sexualmente pese a la negativa de ella, que no quer\u00eda mantener relaciones sexuales. <\/p>   <p>D\u00edas despu\u00e9s y pese a que sab\u00eda que la medida cautelar segu\u00eda en vigor volvi\u00f3 a casa de la mujer y llam\u00f3 varias veces al portero autom\u00e1tico. Por todo esto la Fiscal\u00eda solicita de forma inicial 16 a\u00f1os de prisi\u00f3n por un delito de agresi\u00f3n sexual y otro de quebrantamiento de medida cautelar.<\/p> ","protected":false},"excerpt":{"rendered":"<p>Fiscal\u00eda pide 16 a\u00f1os de prisi\u00f3n<\/p>\n","protected":false},"author":0,"featured_media":13501,"comment_status":"open","ping_status":"open","sticky":false,"template":"","format":"standard","meta":{"_acf_changed":false,"footnotes":""},"categories":[1],"tags":[],"class_list":["post-13500","post","type-post","status-publish","format-standard","has-post-thumbnail","hentry","category-sin-categoria"],"acf":{"ser_id":"KOKHHEXDE5HHPJIQGUPU5MKK44","ser_url":"https:\/\/cadenaser.com\/comunitat-valenciana\/2025\/03\/20\/a-juicio-por-agredir-sexualmente-a-su-expareja-y-saltarse-la-orden-de-alejamiento-en-benidorm-radio-benidorm\/"},"_links":{"self":[{"href":"https:\/\/serbenidorm.daliisolutions.com\/index.php\/wp-json\/wp\/v2\/posts\/13500","targetHints":{"allow":["GET"]}}],"collection":[{"href":"https:\/\/serbenidorm.daliisolutions.com\/index.php\/wp-json\/wp\/v2\/posts"}],"about":[{"href":"https:\/\/serbenidorm.daliisolutions.com\/index.php\/wp-json\/wp\/v2\/types\/post"}],"replies":[{"embeddable":true,"href":"https:\/\/serbenidorm.daliisolutions.com\/index.php\/wp-json\/wp\/v2\/comments?post=13500"}],"version-history":[{"count":0,"href":"https:\/\/serbenidorm.daliisolutions.com\/index.php\/wp-json\/wp\/v2\/posts\/13500\/revisions"}],"wp:featuredmedia":[{"embeddable":true,"href":"https:\/\/serbenidorm.daliisolutions.com\/index.php\/wp-json\/wp\/v2\/media\/13501"}],"wp:attachment":[{"href":"https:\/\/serbenidorm.daliisolutions.com\/index.php\/wp-json\/wp\/v2\/media?parent=13500"}],"wp:term":[{"taxonomy":"category","embeddable":true,"href":"https:\/\/serbenidorm.daliisolutions.com\/index.php\/wp-json\/wp\/v2\/categories?post=13500"},{"taxonomy":"post_tag","embeddable":true,"href":"https:\/\/serbenidorm.daliisolutions.com\/index.php\/wp-json\/wp\/v2\/tags?post=13500"}],"curies":[{"name":"wp","href":"https:\/\/api.w.org\/{rel}","templated":true}]}}