{"id":13502,"date":"2025-03-26T12:15:03","date_gmt":"2025-03-26T11:15:03","guid":{"rendered":"https:\/\/serbenidorm.daliisolutions.com\/index.php\/2025\/03\/26\/los-gazpachos-manchegos-toman-este-domingo-el-centro-de-benidorm\/"},"modified":"2025-03-26T12:15:03","modified_gmt":"2025-03-26T11:15:03","slug":"los-gazpachos-manchegos-toman-este-domingo-el-centro-de-benidorm","status":"publish","type":"post","link":"https:\/\/serbenidorm.daliisolutions.com\/index.php\/2025\/03\/26\/los-gazpachos-manchegos-toman-este-domingo-el-centro-de-benidorm\/","title":{"rendered":"Los gazpachos manchegos toman este domingo el centro de Benidorm"},"content":{"rendered":"  <p><div data-adtype=\"MLDB\"><\/div><\/p>   <p>Benidorm<\/p>   <p>Seg\u00fan las estad\u00edsticas que refleja la publicaci\u00f3n municipal \u00abBenidorm en cifras\u00bb, la ciudad empez\u00f3 la actual d\u00e9cada con cerca de 3.000 vecinos censados procedentes de Castilla &#8211; La Mancha, una cifra que m\u00e1s all\u00e1 del padr\u00f3n oficial es con toda seguridad muy superior y que sit\u00faa a esta regi\u00f3n solo por detr\u00e1s de la propia Comunitat Valenciana y de Andaluc\u00eda en el ranking de procedencia de los que viven en la capital tur\u00edstica.<\/p>   <p>Se trata, en definitiva, de una comunidad pr\u00f3xima y siempre activa en la vida social y festera que tiene su m\u00e1xima representaci\u00f3n en la &#8216;Casa de La Mancha en Benidorm y Comarca&#8217;, encargada de celebrar una serie de actividades a lo largo del a\u00f1o entre las que destacan el D\u00eda de Castilla &#8211; La Mancha o la Jornada Gastron\u00f3mica Manchega que tendr\u00e1 lugar este domingo de primavera<a href=\"https:\/\/cadenaser.com\/tag\/benidorm\/a\/\" target=\"_blank\"> en el Auditorio \u00d3scar Espl\u00e1 del Parque de l&#8217;Aig\u00fcera, justo detr\u00e1s del Ayuntamiento, desde las once de la ma\u00f1ana<\/a>.<\/p>  <p><p>M\u00e1s informaci\u00f3n<\/p><figure><img loading=\"lazy\" decoding=\"async\" src=\"https:\/\/cadenaser.com\/resizer\/v2\/UYD6SASQNVCY7NZAODLWGJYYXA.jpg?auth=efb545e2102c4bd8e43576772502da9cb42eb42b822ad8f1a44604645033659e&amp;quality=70&amp;width=360&amp;height=202&amp;smart=true\" width=\"820\" height=\"621\" \/><\/figure><ul><li><a href=\"https:\/\/cadenaser.com\/castillalamancha\/2023\/11\/09\/el-origen-de-la-palabra-gazpacho-remite-al-guiso-manchego-segun-una-investigacion-de-la-uclm-radio-albacete\/\"><span>El origen de la palabra \u00abgazpacho\u00bb remite al guiso manchego y no a la sopa fr\u00eda andaluza, seg\u00fan una investigaci\u00f3n de la UCLM<\/span><\/a><\/li><\/ul><\/p>   <p>Ese ser\u00e1 el momento en el que empiecen a salir las primeras viandas preparadas por sus socios, las gachas y las migas, almuerzo t\u00edpico del campo y una receta tan sencilla como suculenta, seg\u00fan ha explicado en <a href=\"https:\/\/cadenaser.com\/tag\/comarca_la_marina_baixa\/a\/\" target=\"_blank\">La Ventana de la Marina Baixa<\/a> la presidenta de la Casa de La Mancha Loren Torres.<\/p>   <p>Cuerva para acompa\u00f1ar<\/p>   <p>Todo ello acompa\u00f1ado, por ejemplo, de berenjenas de Almagro o montaditos y regado por todo tipo de bebidas entre las que destaca la &#8216;cuerva&#8217; o &#8216;zurra&#8217;, denominaci\u00f3n que recibe seg\u00fan el lugar, y que consiste en una surte de limonada ali\u00f1ada con fruta de temporada y vino.<\/p>   <p>La presidenta de la Casa de La Mancha ha terminado invitando a vecinos y visitantes a probar y participar en esta jornada que destaca por sus precios populares, el ambiente y la rifa con la que culmina por la tarde.<\/p>   <p>     .c-w {         max-width: 662px;         width: 100%;         margin:12px 0 24px auto;         background: #00755E;         border-radius: 99px;         display: flex;         align-items: center;         justify-content: center;     }     .c-w:hover {         background-color:#6CB3A5;     }      .c-w a {         display: flex;         align-items: center;         justify-content: center;         padding: 6px 0;         width:100%;     }      .c-w img {         width: 24px;         margin-right: 12px;     }      .c-w p {         font: 18px\/30px Poppins;         text-align: center;         color: #fff;         margin: 0;     }      @media (max-width:444px) {         .c-w a {             padding: 4px 12px;         }          .c-w img {             width: 24px;             margin-right: 8px;         }          .c-w p {             font: 14px\/25px Poppins;         }     }      @media (max-width:335px) {         .c-w p {             font: 13px\/25px Poppins;         }     }  <div class=\"c-w\"> <a href=\"https:\/\/www.whatsapp.com\/channel\/0029Va633PF9WtC4l7XUzh1e\" rel=\"nofollow\" target=\"_blank\">         <img decoding=\"async\" src=\"https:\/\/cadenaser.com\/estaticos\/recursosgraficos\/responsive\/img\/ico-whatsapp.svg\" alt=\"Whatsapp\">         <p>\u00danete al <b>canal de WhatsApp<\/b> de la SER<\/p>     <\/a> <\/div><\/p>   <p>Esta jornada es adem\u00e1s toda una tradici\u00f3n en Benidorm que empez\u00f3 hace muchos a\u00f1os en la Ermita de San\u00e7, en la zona de l&#8217;Horta, como un concurso en el que se premiaban las mejores creaciones de estos mismos productos. Despu\u00e9s se traslad\u00f3 a la Plaza de Toros durante un breve periodo de tiempo para terminar en el \u00d3scar Espl\u00e1, donde este domingo los olores de la gastronom\u00eda manchega volver\u00e1n a ser protagonistas.<\/p> ","protected":false},"excerpt":{"rendered":"<p>La Casa de la Mancha celebra su tradicional Jornada Gastron\u00f3mica en el Auditorio \u00d3scar Espl\u00e1<\/p>\n","protected":false},"author":0,"featured_media":13503,"comment_status":"open","ping_status":"open","sticky":false,"template":"","format":"standard","meta":{"_acf_changed":false,"footnotes":""},"categories":[1],"tags":[],"class_list":["post-13502","post","type-post","status-publish","format-standard","has-post-thumbnail","hentry","category-sin-categoria"],"acf":{"ser_id":"FL5J77XRXRFJHGSP6LVJTIAATM","ser_url":"https:\/\/cadenaser.com\/comunitat-valenciana\/2025\/03\/21\/los-gazpachos-manchegos-toman-este-domingo-el-centro-de-benidorm-radio-benidorm\/"},"_links":{"self":[{"href":"https:\/\/serbenidorm.daliisolutions.com\/index.php\/wp-json\/wp\/v2\/posts\/13502","targetHints":{"allow":["GET"]}}],"collection":[{"href":"https:\/\/serbenidorm.daliisolutions.com\/index.php\/wp-json\/wp\/v2\/posts"}],"about":[{"href":"https:\/\/serbenidorm.daliisolutions.com\/index.php\/wp-json\/wp\/v2\/types\/post"}],"replies":[{"embeddable":true,"href":"https:\/\/serbenidorm.daliisolutions.com\/index.php\/wp-json\/wp\/v2\/comments?post=13502"}],"version-history":[{"count":0,"href":"https:\/\/serbenidorm.daliisolutions.com\/index.php\/wp-json\/wp\/v2\/posts\/13502\/revisions"}],"wp:featuredmedia":[{"embeddable":true,"href":"https:\/\/serbenidorm.daliisolutions.com\/index.php\/wp-json\/wp\/v2\/media\/13503"}],"wp:attachment":[{"href":"https:\/\/serbenidorm.daliisolutions.com\/index.php\/wp-json\/wp\/v2\/media?parent=13502"}],"wp:term":[{"taxonomy":"category","embeddable":true,"href":"https:\/\/serbenidorm.daliisolutions.com\/index.php\/wp-json\/wp\/v2\/categories?post=13502"},{"taxonomy":"post_tag","embeddable":true,"href":"https:\/\/serbenidorm.daliisolutions.com\/index.php\/wp-json\/wp\/v2\/tags?post=13502"}],"curies":[{"name":"wp","href":"https:\/\/api.w.org\/{rel}","templated":true}]}}