{"id":13504,"date":"2025-03-26T12:15:04","date_gmt":"2025-03-26T11:15:04","guid":{"rendered":"https:\/\/serbenidorm.daliisolutions.com\/index.php\/2025\/03\/26\/el-vi-festival-internacional-de-poesia-de-benidorm-vuelve-a-reunir-a-autores-de-medio-mundo\/"},"modified":"2025-03-26T12:15:04","modified_gmt":"2025-03-26T11:15:04","slug":"el-vi-festival-internacional-de-poesia-de-benidorm-vuelve-a-reunir-a-autores-de-medio-mundo","status":"publish","type":"post","link":"https:\/\/serbenidorm.daliisolutions.com\/index.php\/2025\/03\/26\/el-vi-festival-internacional-de-poesia-de-benidorm-vuelve-a-reunir-a-autores-de-medio-mundo\/","title":{"rendered":"El VI Festival Internacional de Poes\u00eda de Benidorm vuelve a reunir a autores de medio mundo"},"content":{"rendered":"  <p><div data-adtype=\"MLDB\"><\/div><\/p>   <p>Benidorm<\/p>   <p>La cita de la poes\u00eda con la capital tur\u00edstica llega a su sexta edici\u00f3n convertida en una imprescindible de la llegada de la primavera. Poetas de medio mundo recalan este jueves y viernes en la ciudad para compartir versos y reflexiones con motivo del <a href=\"https:\/\/cadenaser.com\/tag\/benidorm\/a\/\" target=\"_blank\">Festival Internacional de Poes\u00eda de Benidorm<\/a>.<\/p>   <p>Este jueves a las seis de la tarde el sal\u00f3n de actos del Ayuntamiento acoge la inauguraci\u00f3n y un recital po\u00e9tico con traducci\u00f3n al castellano, adem\u00e1s de la m\u00fasica y danza en vivo que corre a cargo de la Asociaci\u00f3n Manchega Tramontana.<\/p>  <p><p>M\u00e1s informaci\u00f3n<\/p><figure><img loading=\"lazy\" decoding=\"async\" src=\"https:\/\/cadenaser.com\/resizer\/v2\/5P72W43OXBER7L7OXAKROTI34I.jpg?auth=72e9c8a412b036385321dec9141a553bf88df7d34015cffd4ca1b0b7f8a18b5c&amp;quality=70&amp;width=360&amp;height=202&amp;smart=true\" width=\"820\" height=\"621\" \/><\/figure><ul><li><a href=\"\"><span>Jack, el artista con s\u00edndrome de Down que estrena exposici\u00f3n en Villajoyosa<\/span><\/a><\/li><\/ul><\/p>   <p>El viernes comienza a las diez de la ma\u00f1ana con un recital interactivo junto a estudiantes de educaci\u00f3n secundaria. A las seis llegar\u00e1 la conclusi\u00f3n con la celebraci\u00f3n del 22\u00ba aniversario del Liceo Po\u00e9tico de Benidorm y entrega de diplomas, tambi\u00e9n en el sal\u00f3n de actos.<\/p>   <p>La entrada es libre hasta completar aforo y el director del certamen, Julio Pavanetti, ha animado a vecinos y turistas en <a href=\"https:\/\/cadenaser.com\/tag\/comarca_la_marina_baixa\/a\/\" target=\"_blank\">La Ventana de la Marina Baixa<\/a> a participar en los encuentros con todos los autores, algunos de los cuales de la han acompa\u00f1ado durante el programa para compartir parte de su obra y carrera.<\/p>   <p><div class=\"c-mul-sc\"><div id=\"player-1742565924681\" class=\"c-player-audio\">&lt;button class=&quot;bt-play&quot; data-audioid=&quot;1742565924681&quot; data-type=&quot;aod&quot; data-description=&quot;<p>VI Festival Internacional de Poes\u00eda de Benidorm<\/p>\u00bb data-accountname=\u00bbplayser\u00bb&gt;<\/button><div class=\"c-copiado\"><p>El c\u00f3digo iframe se ha copiado en el portapapeles<\/p><\/div><div class=\"d-audio\"><p class=\"tit\">Santol\u00edquido, Mastropasqua, Fanuli y Troutman, poetas en Benidorm<\/p><div class=\"b-pro\"><span class=\"progreso\"><\/span><\/div><div class=\"c-times\"><span class=\"t-progreso\">00:00:00<\/span><span class=\"t-total-audio\">12:10<\/span><\/div><\/div><button class=\"bt-op\"><\/button><div class=\"c-opciones c-comun\"><a href=\"https:\/\/prisa-es.mc.tritondigital.com\/RADIO_BENIDORM_CADENASER_3154_P\/media\/mcv\/playser\/multimedia\/20250321\/4395452_140546_audio_128.mp3?dist=cadenaser-web-tfp-permanente&amp;csegid=22000&amp;dl=1\" class=\"bt-down\">Descargar<\/a><button class=\"bt-share\">Compartir<\/button><button class=\"bt-close\">Cerrar<\/button><\/div><div class=\"c-opciones c-share\"><button class=\"bt-fb\" data-ssnn=\"facebook\" data-url=\"https:\/\/cadenaser.com\/comunitat-valenciana\/2025\/03\/20\/el-vi-festival-internacional-de-poesia-de-benidorm-vuelve-a-reunir-a-autores-de-medio-mundo-radio-benidorm\/\" data-title=\"Santol\u00edquido, Mastropasqua, Fanuli y Troutman, poetas en Benidorm\">Facebook<\/button><button class=\"bt-tw\" data-ssnn=\"twitter\" data-url=\"https:\/\/cadenaser.com\/comunitat-valenciana\/2025\/03\/20\/el-vi-festival-internacional-de-poesia-de-benidorm-vuelve-a-reunir-a-autores-de-medio-mundo-radio-benidorm\/\" data-title=\"Santol\u00edquido, Mastropasqua, Fanuli y Troutman, poetas en Benidorm\">Twitter<\/button><button class=\"bt-li\" data-ssnn=\"linkedin\" data-url=\"https:\/\/cadenaser.com\/comunitat-valenciana\/2025\/03\/20\/el-vi-festival-internacional-de-poesia-de-benidorm-vuelve-a-reunir-a-autores-de-medio-mundo-radio-benidorm\/\" data-title=\"Santol\u00edquido, Mastropasqua, Fanuli y Troutman, poetas en Benidorm\">Linkedin<\/button><button class=\"bt-wh\" data-ssnn=\"whatsapp\" data-url=\"https:\/\/cadenaser.com\/comunitat-valenciana\/2025\/03\/20\/el-vi-festival-internacional-de-poesia-de-benidorm-vuelve-a-reunir-a-autores-de-medio-mundo-radio-benidorm\/\" data-title=\"Santol\u00edquido, Mastropasqua, Fanuli y Troutman, poetas en Benidorm\">WhatsApp<\/button><button class=\"bt-close\">Cerrar<\/button><\/div><\/div><\/div><\/p>   <p>Entre ellos Alicja Maria Kuberska y Danuta Zasada, de Polonia, o a Alexandra Nicod. En una segunda parte pueden escuchar a los italianos Gianpaolo Mastropasqua, Anna Santol\u00edquido y Sonia Fanuli, as\u00ed como a la alemana Janine Troutman, que ha colaborado tambi\u00e9n con las traducciones.<\/p>   <p>     .c-w {         max-width: 662px;         width: 100%;         margin:12px 0 24px auto;         background: #00755E;         border-radius: 99px;         display: flex;         align-items: center;         justify-content: center;     }     .c-w:hover {         background-color:#6CB3A5;     }      .c-w a {         display: flex;         align-items: center;         justify-content: center;         padding: 6px 0;         width:100%;     }      .c-w img {         width: 24px;         margin-right: 12px;     }      .c-w p {         font: 18px\/30px Poppins;         text-align: center;         color: #fff;         margin: 0;     }      @media (max-width:444px) {         .c-w a {             padding: 4px 12px;         }          .c-w img {             width: 24px;             margin-right: 8px;         }          .c-w p {             font: 14px\/25px Poppins;         }     }      @media (max-width:335px) {         .c-w p {             font: 13px\/25px Poppins;         }     }  <div class=\"c-w\"> <a href=\"https:\/\/www.whatsapp.com\/channel\/0029Va633PF9WtC4l7XUzh1e\" rel=\"nofollow\" target=\"_blank\">         <img decoding=\"async\" src=\"https:\/\/cadenaser.com\/estaticos\/recursosgraficos\/responsive\/img\/ico-whatsapp.svg\" alt=\"Whatsapp\">         <p>\u00danete al <b>canal de WhatsApp<\/b> de la SER<\/p>     <\/a> <\/div><\/p> ","protected":false},"excerpt":{"rendered":"<p>Este jueves y viernes en el sal\u00f3n de actos del Ayuntamiento<\/p>\n","protected":false},"author":0,"featured_media":13505,"comment_status":"open","ping_status":"open","sticky":false,"template":"","format":"standard","meta":{"_acf_changed":false,"footnotes":""},"categories":[1],"tags":[],"class_list":["post-13504","post","type-post","status-publish","format-standard","has-post-thumbnail","hentry","category-sin-categoria"],"acf":{"ser_id":"A6ZZ2M6Y55CAJE5GRZG67MNMIE","ser_url":"https:\/\/cadenaser.com\/comunitat-valenciana\/2025\/03\/20\/el-vi-festival-internacional-de-poesia-de-benidorm-vuelve-a-reunir-a-autores-de-medio-mundo-radio-benidorm\/"},"_links":{"self":[{"href":"https:\/\/serbenidorm.daliisolutions.com\/index.php\/wp-json\/wp\/v2\/posts\/13504","targetHints":{"allow":["GET"]}}],"collection":[{"href":"https:\/\/serbenidorm.daliisolutions.com\/index.php\/wp-json\/wp\/v2\/posts"}],"about":[{"href":"https:\/\/serbenidorm.daliisolutions.com\/index.php\/wp-json\/wp\/v2\/types\/post"}],"replies":[{"embeddable":true,"href":"https:\/\/serbenidorm.daliisolutions.com\/index.php\/wp-json\/wp\/v2\/comments?post=13504"}],"version-history":[{"count":0,"href":"https:\/\/serbenidorm.daliisolutions.com\/index.php\/wp-json\/wp\/v2\/posts\/13504\/revisions"}],"wp:featuredmedia":[{"embeddable":true,"href":"https:\/\/serbenidorm.daliisolutions.com\/index.php\/wp-json\/wp\/v2\/media\/13505"}],"wp:attachment":[{"href":"https:\/\/serbenidorm.daliisolutions.com\/index.php\/wp-json\/wp\/v2\/media?parent=13504"}],"wp:term":[{"taxonomy":"category","embeddable":true,"href":"https:\/\/serbenidorm.daliisolutions.com\/index.php\/wp-json\/wp\/v2\/categories?post=13504"},{"taxonomy":"post_tag","embeddable":true,"href":"https:\/\/serbenidorm.daliisolutions.com\/index.php\/wp-json\/wp\/v2\/tags?post=13504"}],"curies":[{"name":"wp","href":"https:\/\/api.w.org\/{rel}","templated":true}]}}