{"id":13506,"date":"2025-03-26T12:15:06","date_gmt":"2025-03-26T11:15:06","guid":{"rendered":"https:\/\/serbenidorm.daliisolutions.com\/index.php\/2025\/03\/26\/adios-a-un-icono-del-skyline-de-benidorm-arranca-el-derribo-del-hotel-delfin\/"},"modified":"2025-03-26T12:15:06","modified_gmt":"2025-03-26T11:15:06","slug":"adios-a-un-icono-del-skyline-de-benidorm-arranca-el-derribo-del-hotel-delfin","status":"publish","type":"post","link":"https:\/\/serbenidorm.daliisolutions.com\/index.php\/2025\/03\/26\/adios-a-un-icono-del-skyline-de-benidorm-arranca-el-derribo-del-hotel-delfin\/","title":{"rendered":"Adi\u00f3s a un icono del \u2018skyline\u2019 de Benidorm: arranca el derribo del Hotel Delf\u00edn"},"content":{"rendered":"  <p><div data-adtype=\"MLDB\"><\/div><\/p>   <p>Benidorm<\/p>   <p>En el verano de 1963 Benidorm acababa de comenzar su particular camino para convertirse en la capital tur\u00edstica del Mediterr\u00e1neo aunque nadie en aquel momento pod\u00eda siquiera vislumbrar las cotas de \u00e9xito que la ciudad (entonces pueblo) alcanzar\u00eda apenas unos a\u00f1os m\u00e1s tarde.<\/p>   <p>De hecho, el propio concepto de turismo no se podr\u00eda describir igual, al menos en Espa\u00f1a, sin Benidorm, el destino que democratiz\u00f3 las vacaciones para todos muchos a\u00f1os de que los espa\u00f1olitos pudieran votar por primera vez en unas urnas. Un destino, de hecho, tan democr\u00e1tico que en sus calles se encontraban con absoluta normalidad obreros de todo el pa\u00eds con algunas de las estrellas del celuloide y la m\u00fasica patria de aquel entonces.<\/p>   <p>En todo ello jug\u00f3 un papel fundamental la industria hotelera y, en concreto, algunos establecimientos convertidos luego en hist\u00f3ricos. Eso es lo que suced\u00eda con el Gran Hotel Delf\u00edn, inaugurado un 20 de julio de 1963 y que, sobre todo en sus primeros a\u00f1os, fue refugio al sol de las muchas estrellas que en esos a\u00f1os llegaban a la ciudad para rodar pel\u00edculas, cantar en el Festival Internacional de la Canci\u00f3n o, sencillamente, descansar.<\/p>   <p>Establecimiento de lujo, su brillo se fue apagando con el paso de los a\u00f1os y de las d\u00e9cadas y es ahora cuando su presencia abandona para siempre el \u2018skyline\u2019 de Benidorm para dar paso a una nueva torre, esta ya m\u00e1s acorde con la idiosincr\u00e1sica edificaci\u00f3n vertical de la ciudad, que medir\u00e1 cerca de 160 metros de altura y sumar\u00e1 m\u00e1s de 40 plantas.<\/p> ","protected":false},"excerpt":{"rendered":"<p>El hist\u00f3rico establecimiento dar\u00e1 lugar a una nueva torre de casi 160 metros de altura<\/p>\n","protected":false},"author":0,"featured_media":13507,"comment_status":"open","ping_status":"open","sticky":false,"template":"","format":"standard","meta":{"_acf_changed":false,"footnotes":""},"categories":[1],"tags":[],"class_list":["post-13506","post","type-post","status-publish","format-standard","has-post-thumbnail","hentry","category-sin-categoria"],"acf":{"ser_id":"GGNHS4CCD5DHZFDXT4C3F7TBQ4","ser_url":"https:\/\/cadenaser.com\/comunitat-valenciana\/2025\/03\/16\/adios-a-un-icono-del-skyline-de-benidorm-arranca-el-derribo-del-hotel-delfin-radio-benidorm\/"},"_links":{"self":[{"href":"https:\/\/serbenidorm.daliisolutions.com\/index.php\/wp-json\/wp\/v2\/posts\/13506","targetHints":{"allow":["GET"]}}],"collection":[{"href":"https:\/\/serbenidorm.daliisolutions.com\/index.php\/wp-json\/wp\/v2\/posts"}],"about":[{"href":"https:\/\/serbenidorm.daliisolutions.com\/index.php\/wp-json\/wp\/v2\/types\/post"}],"replies":[{"embeddable":true,"href":"https:\/\/serbenidorm.daliisolutions.com\/index.php\/wp-json\/wp\/v2\/comments?post=13506"}],"version-history":[{"count":0,"href":"https:\/\/serbenidorm.daliisolutions.com\/index.php\/wp-json\/wp\/v2\/posts\/13506\/revisions"}],"wp:featuredmedia":[{"embeddable":true,"href":"https:\/\/serbenidorm.daliisolutions.com\/index.php\/wp-json\/wp\/v2\/media\/13507"}],"wp:attachment":[{"href":"https:\/\/serbenidorm.daliisolutions.com\/index.php\/wp-json\/wp\/v2\/media?parent=13506"}],"wp:term":[{"taxonomy":"category","embeddable":true,"href":"https:\/\/serbenidorm.daliisolutions.com\/index.php\/wp-json\/wp\/v2\/categories?post=13506"},{"taxonomy":"post_tag","embeddable":true,"href":"https:\/\/serbenidorm.daliisolutions.com\/index.php\/wp-json\/wp\/v2\/tags?post=13506"}],"curies":[{"name":"wp","href":"https:\/\/api.w.org\/{rel}","templated":true}]}}