{"id":13508,"date":"2025-03-26T12:15:08","date_gmt":"2025-03-26T11:15:08","guid":{"rendered":"https:\/\/serbenidorm.daliisolutions.com\/index.php\/2025\/03\/26\/vandalismo-en-benidorm-3-400-euros-de-multa-a-un-hombre-de-60-anos-por-romper-unas-vallas-hasta-25-veces\/"},"modified":"2025-03-26T12:15:08","modified_gmt":"2025-03-26T11:15:08","slug":"vandalismo-en-benidorm-3-400-euros-de-multa-a-un-hombre-de-60-anos-por-romper-unas-vallas-hasta-25-veces","status":"publish","type":"post","link":"https:\/\/serbenidorm.daliisolutions.com\/index.php\/2025\/03\/26\/vandalismo-en-benidorm-3-400-euros-de-multa-a-un-hombre-de-60-anos-por-romper-unas-vallas-hasta-25-veces\/","title":{"rendered":"Vandalismo en Benidorm: 3.400 euros de multa a un hombre de 60 a\u00f1os por romper unas vallas hasta 25 veces"},"content":{"rendered":"  <p><div data-adtype=\"MLDB\"><\/div><\/p>   <p>Benidorm<\/p>   <p>Un vecino de Benidorm de 60 a\u00f1os ha sido denunciado por la Polic\u00eda Local despu\u00e9s de desmontar vallas y balizas de tr\u00e1fico<a href=\"https:\/\/cadenaser.com\/tag\/benidorm\/a\/\" target=\"_blank\"> en el camino hacia La Cruz, en el parque natural de Serra Gelada, en hasta 25 ocasiones<\/a>.<\/p>   <p>Seg\u00fan ha explicado a Radio Benidorm el portavoz del cuerpo de seguridad de la capital tur\u00edstica, Quique Tortosa, el hombre identificado llevaba actuando as\u00ed desde hace \u00abcuatro o cinco meses\u00bb con el peligro que ello supone para la seguridad vial y los encargados de reponer la se\u00f1alizaci\u00f3n que ca\u00eda ladera abajo.<\/p>  <p><p>M\u00e1s informaci\u00f3n<\/p><figure><img loading=\"lazy\" decoding=\"async\" src=\"https:\/\/cadenaser.com\/resizer\/v2\/YM5K7ZXZOFGG5G54GE7E44DHKQ.jpg?auth=3de4945ea7b47d5a16452aa92860dd51d2daf6068e9d780ab0ecc9c843930872&amp;quality=70&amp;width=360&amp;height=202&amp;smart=true\" width=\"820\" height=\"621\" \/><\/figure><ul><li><a href=\"https:\/\/cadenaser.com\/comunitat-valenciana\/2025\/03\/20\/a-juicio-por-agredir-sexualmente-a-su-expareja-y-saltarse-la-orden-de-alejamiento-en-benidorm-radio-benidorm\/\"><span>A juicio por agredir sexualmente a su expareja y saltarse la orden de alejamiento en Benidorm<\/span><\/a><\/li><\/ul><\/p>   <p>Tras haber pedido ayuda del resto de vecinos de la zona se ha dado al fin con el responsable de los actos vand\u00e1licos al que al parecer \u00able molestaban las vallas porque \u00e9l, por las tardes, iba con su coche y sus tablas de surf\u00bb a las calas de esa zona, ha detallado Tortosa.<\/p>   <p>En cuanto al proceso para su identificaci\u00f3n ha especificado que no hab\u00eda podido localizarlo ya que se escond\u00eda por los senderos de la zona verde de Sierra Helada. Sin embargo, \u00aben esta ocasi\u00f3n hemos realizado una espera discreta por la zona hasta que al regresar a su domicilio la patrulla consigui\u00f3 identificarlo, ya que coincid\u00eda plenamente con la descripci\u00f3n facilitada por los testigos\u00bb.<\/p>   <p>Al ahora denunciado su actitud le va a salir muy cara ya que, como sigue explicando el portavoz de la Polic\u00eda Local, \u00abse le ha denunciado por dos infracciones, una a la Ley de Protecci\u00f3n de la Seguridad Ciudadana y otra al Reglamento General de Circulaci\u00f3n que conllevan una sanci\u00f3n de 3.400 euros\u00bb.<\/p>   <p>     .c-w {         max-width: 662px;         width: 100%;         margin:12px 0 24px auto;         background: #00755E;         border-radius: 99px;         display: flex;         align-items: center;         justify-content: center;     }     .c-w:hover {         background-color:#6CB3A5;     }      .c-w a {         display: flex;         align-items: center;         justify-content: center;         padding: 6px 0;         width:100%;     }      .c-w img {         width: 24px;         margin-right: 12px;     }      .c-w p {         font: 18px\/30px Poppins;         text-align: center;         color: #fff;         margin: 0;     }      @media (max-width:444px) {         .c-w a {             padding: 4px 12px;         }          .c-w img {             width: 24px;             margin-right: 8px;         }          .c-w p {             font: 14px\/25px Poppins;         }     }      @media (max-width:335px) {         .c-w p {             font: 13px\/25px Poppins;         }     }  <div class=\"c-w\"> <a href=\"https:\/\/www.whatsapp.com\/channel\/0029Va633PF9WtC4l7XUzh1e\" rel=\"nofollow\" target=\"_blank\">         <img decoding=\"async\" src=\"https:\/\/cadenaser.com\/estaticos\/recursosgraficos\/responsive\/img\/ico-whatsapp.svg\" alt=\"Whatsapp\">         <p>\u00danete al <b>canal de WhatsApp<\/b> de la SER<\/p>     <\/a> <\/div><\/p> ","protected":false},"excerpt":{"rendered":"<p>El denunciado es un vecino de la zona que practica surf<\/p>\n","protected":false},"author":0,"featured_media":13509,"comment_status":"open","ping_status":"open","sticky":false,"template":"","format":"standard","meta":{"_acf_changed":false,"footnotes":""},"categories":[1],"tags":[],"class_list":["post-13508","post","type-post","status-publish","format-standard","has-post-thumbnail","hentry","category-sin-categoria"],"acf":{"ser_id":"NA3ZHFBZIBH7TB7DYD4KSQ277Q","ser_url":"https:\/\/cadenaser.com\/comunitat-valenciana\/2025\/03\/20\/vandalismo-en-benidorm-3400-euros-de-multa-a-un-hombre-de-60-anos-por-romper-unas-vallas-hasta-25-veces-radio-benidorm\/"},"_links":{"self":[{"href":"https:\/\/serbenidorm.daliisolutions.com\/index.php\/wp-json\/wp\/v2\/posts\/13508","targetHints":{"allow":["GET"]}}],"collection":[{"href":"https:\/\/serbenidorm.daliisolutions.com\/index.php\/wp-json\/wp\/v2\/posts"}],"about":[{"href":"https:\/\/serbenidorm.daliisolutions.com\/index.php\/wp-json\/wp\/v2\/types\/post"}],"replies":[{"embeddable":true,"href":"https:\/\/serbenidorm.daliisolutions.com\/index.php\/wp-json\/wp\/v2\/comments?post=13508"}],"version-history":[{"count":0,"href":"https:\/\/serbenidorm.daliisolutions.com\/index.php\/wp-json\/wp\/v2\/posts\/13508\/revisions"}],"wp:featuredmedia":[{"embeddable":true,"href":"https:\/\/serbenidorm.daliisolutions.com\/index.php\/wp-json\/wp\/v2\/media\/13509"}],"wp:attachment":[{"href":"https:\/\/serbenidorm.daliisolutions.com\/index.php\/wp-json\/wp\/v2\/media?parent=13508"}],"wp:term":[{"taxonomy":"category","embeddable":true,"href":"https:\/\/serbenidorm.daliisolutions.com\/index.php\/wp-json\/wp\/v2\/categories?post=13508"},{"taxonomy":"post_tag","embeddable":true,"href":"https:\/\/serbenidorm.daliisolutions.com\/index.php\/wp-json\/wp\/v2\/tags?post=13508"}],"curies":[{"name":"wp","href":"https:\/\/api.w.org\/{rel}","templated":true}]}}