{"id":13510,"date":"2025-03-26T12:15:11","date_gmt":"2025-03-26T11:15:11","guid":{"rendered":"https:\/\/serbenidorm.daliisolutions.com\/index.php\/2025\/03\/26\/se-espera-que-antes-de-terminar-esta-decada-ya-existan-aerotaxis-operativos\/"},"modified":"2025-03-26T12:15:11","modified_gmt":"2025-03-26T11:15:11","slug":"se-espera-que-antes-de-terminar-esta-decada-ya-existan-aerotaxis-operativos","status":"publish","type":"post","link":"https:\/\/serbenidorm.daliisolutions.com\/index.php\/2025\/03\/26\/se-espera-que-antes-de-terminar-esta-decada-ya-existan-aerotaxis-operativos\/","title":{"rendered":"\u201cSe espera que antes de terminar esta d\u00e9cada ya existan aerotaxis operativos\u201d"},"content":{"rendered":"  <p><div data-adtype=\"MLDB\"><\/div><\/p>   <p>Benidorm<\/p>   <p>Benidorm se ha convertido, gracias a su construcci\u00f3n vertical y otros factores, en un punto crucial para el testeo de los vuelos de prueba de drones y otros aparatos aut\u00f3nomos que representar\u00e1n no s\u00f3lo una nueva forma de movilidad urbana, sino tambi\u00e9n una aut\u00e9ntica revoluci\u00f3n en otras \u00e1reas como el reparto de mensajer\u00eda y paqueter\u00eda.<\/p>   <p>La ciudad vivi\u00f3 hace algunos d\u00edas un hito importante en este sentido con el primer vuelo de un aerotaxi acompa\u00f1ado de otras naves no tripuladas.<\/p>   <p>En todo ese ecosistema, Enaire, el gestor de navegaci\u00f3n a\u00e9rea en Espa\u00f1a, tiene un papel fundamental y para tratar de vislumbrar c\u00f3mo ser\u00e1 ese futuro que ya es, en muchos sentidos, presente, Daniel Garc\u00eda Monteavaro, jefe del Departamento de Desarrollo de Negocio de Drones de Enaire, pas\u00f3 este lunes por los micr\u00f3fonos de Radio Benidorm-SER. Daniel, muy buenas tardes.<\/p>   <p>\u201cBenidorm es un entorno muy propicio para todas estas pruebas, porque es una peque\u00f1a gran ciudad con rascacielos y, efectivamente, ha sido la primera prueba que se ha en Europa de un aerotaxi junto con otros drones que estaban gestionados bajo unas reglas u operaciones que se conocen como U-space\u201d, explicaba Garc\u00eda.<\/p>   <p>Un sector, el de los aerotaxis, que ya tiene una clara hoja de ruta y es que \u201caunque este se vol\u00f3 sin piloto, en un primer momento van a llevar piloto en Europa, un piloto de seguridad y se espera que a partir que de la d\u00e9cada de 2030, no lleve ning\u00fan piloto\u201d, explica Garc\u00eda.<\/p>   <p>     .c-w {         max-width: 662px;         width: 100%;         margin:12px 0 24px auto;         background: #00755E;         border-radius: 99px;         display: flex;         align-items: center;         justify-content: center;     }     .c-w:hover {         background-color:#6CB3A5;     }      .c-w a {         display: flex;         align-items: center;         justify-content: center;         padding: 6px 0;         width:100%;     }      .c-w img {         width: 24px;         margin-right: 12px;     }      .c-w p {         font: 18px\/30px Poppins;         text-align: center;         color: #fff;         margin: 0;     }      @media (max-width:444px) {         .c-w a {             padding: 4px 12px;         }          .c-w img {             width: 24px;             margin-right: 8px;         }          .c-w p {             font: 14px\/25px Poppins;         }     }      @media (max-width:335px) {         .c-w p {             font: 13px\/25px Poppins;         }     }  <div class=\"c-w\"> <a href=\"https:\/\/www.whatsapp.com\/channel\/0029Va633PF9WtC4l7XUzh1e\" rel=\"nofollow\" target=\"_blank\">         <img decoding=\"async\" src=\"https:\/\/cadenaser.com\/estaticos\/recursosgraficos\/responsive\/img\/ico-whatsapp.svg\" alt=\"Whatsapp\">         <p>\u00danete al <b>canal de WhatsApp<\/b> de la SER<\/p>     <\/a> <\/div><\/p>   <p>\u00bfQuiero esto decir que vamos a convivir con aerotaxis pilotados o con piloto de seguridad ya en esta d\u00e9cada? Daniel Garc\u00eda cree que s\u00ed. \u201cEse es el objetivo que se busca. Se est\u00e1 trabajando mucho en ello. Se est\u00e1 buscando el objetivo de que antes de terminar la d\u00e9cada pueda haber ya veh\u00edculos operativos\u201d.<\/p> ","protected":false},"excerpt":{"rendered":"<p>El responsable de Desarrollo de Negocio de Drones de Enaire explica en Radio Benidorm el presente y futuro de la navegaci\u00f3n a\u00e9rea no tripulada<\/p>\n","protected":false},"author":0,"featured_media":13511,"comment_status":"open","ping_status":"open","sticky":false,"template":"","format":"standard","meta":{"_acf_changed":false,"footnotes":""},"categories":[1],"tags":[],"class_list":["post-13510","post","type-post","status-publish","format-standard","has-post-thumbnail","hentry","category-sin-categoria"],"acf":{"ser_id":"OI2IMVZOVBEYNCHNJNX575MSWU","ser_url":"https:\/\/cadenaser.com\/comunitat-valenciana\/2025\/03\/18\/se-espera-que-antes-de-terminar-esta-decada-ya-existan-aerotaxis-operativos-radio-benidorm\/"},"_links":{"self":[{"href":"https:\/\/serbenidorm.daliisolutions.com\/index.php\/wp-json\/wp\/v2\/posts\/13510","targetHints":{"allow":["GET"]}}],"collection":[{"href":"https:\/\/serbenidorm.daliisolutions.com\/index.php\/wp-json\/wp\/v2\/posts"}],"about":[{"href":"https:\/\/serbenidorm.daliisolutions.com\/index.php\/wp-json\/wp\/v2\/types\/post"}],"replies":[{"embeddable":true,"href":"https:\/\/serbenidorm.daliisolutions.com\/index.php\/wp-json\/wp\/v2\/comments?post=13510"}],"version-history":[{"count":0,"href":"https:\/\/serbenidorm.daliisolutions.com\/index.php\/wp-json\/wp\/v2\/posts\/13510\/revisions"}],"wp:featuredmedia":[{"embeddable":true,"href":"https:\/\/serbenidorm.daliisolutions.com\/index.php\/wp-json\/wp\/v2\/media\/13511"}],"wp:attachment":[{"href":"https:\/\/serbenidorm.daliisolutions.com\/index.php\/wp-json\/wp\/v2\/media?parent=13510"}],"wp:term":[{"taxonomy":"category","embeddable":true,"href":"https:\/\/serbenidorm.daliisolutions.com\/index.php\/wp-json\/wp\/v2\/categories?post=13510"},{"taxonomy":"post_tag","embeddable":true,"href":"https:\/\/serbenidorm.daliisolutions.com\/index.php\/wp-json\/wp\/v2\/tags?post=13510"}],"curies":[{"name":"wp","href":"https:\/\/api.w.org\/{rel}","templated":true}]}}