{"id":13512,"date":"2025-03-26T12:15:22","date_gmt":"2025-03-26T11:15:22","guid":{"rendered":"https:\/\/serbenidorm.daliisolutions.com\/index.php\/2025\/03\/26\/adolfo-valor-no-soy-capaz-de-contar-la-historia-de-espana-sin-humor\/"},"modified":"2025-03-26T12:15:22","modified_gmt":"2025-03-26T11:15:22","slug":"adolfo-valor-no-soy-capaz-de-contar-la-historia-de-espana-sin-humor","status":"publish","type":"post","link":"https:\/\/serbenidorm.daliisolutions.com\/index.php\/2025\/03\/26\/adolfo-valor-no-soy-capaz-de-contar-la-historia-de-espana-sin-humor\/","title":{"rendered":"Adolfo Valor: \u00abNo soy capaz de contar la historia de Espa\u00f1a sin humor\u00bb"},"content":{"rendered":"  <p><div data-adtype=\"MLDB\"><\/div><\/p>   <p>Benidorm<\/p>   <p>Adolfo Valor se ha consolidado como uno de los guionistas m\u00e1s destacados del panorama audiovisual espa\u00f1ol. Su firma est\u00e1 detr\u00e1s de proyectos de \u00e9xito como <i>Reyes de la noche<\/i> o <i>La vida breve<\/i>, su \u00faltima serie para Movistar+, en la que mezcla historia y humor de forma magistral. En una conversaci\u00f3n distendida, repasa su trayectoria, su visi\u00f3n de la comedia y sus inicios en el mundo del cine.<\/p>   <p>La entrevista tiene un car\u00e1cter especial, ya que Valor y el director de \u2018A vivir Benidorm\u2019, Nico Van Looy, compartieron infancia y recuerdos en Benidorm. De hecho, desde muy joven, el guionista ten\u00eda claro que quer\u00eda dedicarse a contar historias. \u00abEl cine era algo muy lejano, pero me apetec\u00eda probarlo\u00bb, confiesa. Su pasi\u00f3n por el audiovisual le llev\u00f3 a rodar cortos con sus amigos, improvisando con sillas de ruedas alquiladas para hacer <i>travelings<\/i> y disfrazando a su c\u00edrculo de g\u00e1ngsteres.<\/p>   <p>Humor como sello personal<\/p>   <p>El humor es una constante en su obra, incluso cuando trata temas serios. \u00abEs mi forma de ver el mundo\u00bb, asegura Valor, quien explica que muchas veces la comedia surge como un mecanismo de defensa ante situaciones dif\u00edciles. De hecho, considera imposible contar la historia de Espa\u00f1a sin recurrir al humor, como ha demostrado en <i>La vida breve<\/i>. La serie, centrada en la breve y desconocida historia del rey Luis I, le ha permitido fantasear y dar rienda suelta a su creatividad. \u00abMe cuesta escribir sobre grandes h\u00e9roes, prefiero a los personajes que tropiezan y a los segundones\u00bb, reconoce.<\/p>   <p>Valor tambi\u00e9n reflexiona sobre la evoluci\u00f3n de la industria audiovisual con la llegada de las plataformas de streaming. \u00abAhora los guionistas tenemos un control creativo que antes no ten\u00edamos\u00bb, afirma, algo que ha permitido desarrollar historias m\u00e1s arriesgadas y originales. Su trabajo no solo ha triunfado en Espa\u00f1a, sino que tambi\u00e9n est\u00e1 teniendo una gran acogida en el extranjero. \u00abDicen que la comedia no viaja, pero cuando algo es divertido, funciona en cualquier parte del mundo\u00bb.<\/p>   <p>Un posible desembarco futuro en Benidorm<\/p>   <p>A pesar de que gran parte de su carrera ha transcurrido lejos de su ciudad natal, Valor no descarta regresar a Benidorm como escenario para una de sus futuras creaciones. \u00abYa rod\u00e9 mucho aqu\u00ed de peque\u00f1o y ahora que hay una <i>Film Office<\/i>, quiz\u00e1s sea el momento de volver\u00bb, adelanta.<\/p>   <p>     .c-w {         max-width: 662px;         width: 100%;         margin:12px 0 24px auto;         background: #00755E;         border-radius: 99px;         display: flex;         align-items: center;         justify-content: center;     }     .c-w:hover {         background-color:#6CB3A5;     }      .c-w a {         display: flex;         align-items: center;         justify-content: center;         padding: 6px 0;         width:100%;     }      .c-w img {         width: 24px;         margin-right: 12px;     }      .c-w p {         font: 18px\/30px Poppins;         text-align: center;         color: #fff;         margin: 0;     }      @media (max-width:444px) {         .c-w a {             padding: 4px 12px;         }          .c-w img {             width: 24px;             margin-right: 8px;         }          .c-w p {             font: 14px\/25px Poppins;         }     }      @media (max-width:335px) {         .c-w p {             font: 13px\/25px Poppins;         }     }  <div class=\"c-w\"> <a href=\"https:\/\/www.whatsapp.com\/channel\/0029Va633PF9WtC4l7XUzh1e\" rel=\"nofollow\" target=\"_blank\">         <img decoding=\"async\" src=\"https:\/\/cadenaser.com\/estaticos\/recursosgraficos\/responsive\/img\/ico-whatsapp.svg\" alt=\"Whatsapp\">         <p>\u00danete al <b>canal de WhatsApp<\/b> de la SER<\/p>     <\/a> <\/div><\/p>   <p>Mientras tanto, <i>La vida breve<\/i> sigue conquistando a la audiencia con su irreverente mezcla de historia y humor, consolidando a Adolfo Valor como uno de los creadores m\u00e1s originales del audiovisual espa\u00f1ol.<\/p> ","protected":false},"excerpt":{"rendered":"<p>El guionista y director benidormense repasa su trayectoria y el estreno de &#8216;La vida breve&#8217; en una entrevista cercana y llena de an\u00e9cdotas.<\/p>\n","protected":false},"author":0,"featured_media":13513,"comment_status":"open","ping_status":"open","sticky":false,"template":"","format":"standard","meta":{"_acf_changed":false,"footnotes":""},"categories":[1],"tags":[],"class_list":["post-13512","post","type-post","status-publish","format-standard","has-post-thumbnail","hentry","category-sin-categoria"],"acf":{"ser_id":"DED3XGUCVJC5LLP4ZLXWNIZTU4","ser_url":"https:\/\/cadenaser.com\/comunitat-valenciana\/2025\/03\/15\/adolfo-valor-no-soy-capaz-de-contar-la-historia-de-espana-sin-humor-radio-benidorm\/"},"_links":{"self":[{"href":"https:\/\/serbenidorm.daliisolutions.com\/index.php\/wp-json\/wp\/v2\/posts\/13512","targetHints":{"allow":["GET"]}}],"collection":[{"href":"https:\/\/serbenidorm.daliisolutions.com\/index.php\/wp-json\/wp\/v2\/posts"}],"about":[{"href":"https:\/\/serbenidorm.daliisolutions.com\/index.php\/wp-json\/wp\/v2\/types\/post"}],"replies":[{"embeddable":true,"href":"https:\/\/serbenidorm.daliisolutions.com\/index.php\/wp-json\/wp\/v2\/comments?post=13512"}],"version-history":[{"count":0,"href":"https:\/\/serbenidorm.daliisolutions.com\/index.php\/wp-json\/wp\/v2\/posts\/13512\/revisions"}],"wp:featuredmedia":[{"embeddable":true,"href":"https:\/\/serbenidorm.daliisolutions.com\/index.php\/wp-json\/wp\/v2\/media\/13513"}],"wp:attachment":[{"href":"https:\/\/serbenidorm.daliisolutions.com\/index.php\/wp-json\/wp\/v2\/media?parent=13512"}],"wp:term":[{"taxonomy":"category","embeddable":true,"href":"https:\/\/serbenidorm.daliisolutions.com\/index.php\/wp-json\/wp\/v2\/categories?post=13512"},{"taxonomy":"post_tag","embeddable":true,"href":"https:\/\/serbenidorm.daliisolutions.com\/index.php\/wp-json\/wp\/v2\/tags?post=13512"}],"curies":[{"name":"wp","href":"https:\/\/api.w.org\/{rel}","templated":true}]}}