{"id":13514,"date":"2025-03-26T13:17:35","date_gmt":"2025-03-26T12:17:35","guid":{"rendered":"https:\/\/serbenidorm.daliisolutions.com\/index.php\/2025\/03\/26\/asi-empiezan-los-embalses-de-la-marina-baixa-la-primavera\/"},"modified":"2025-03-26T13:17:35","modified_gmt":"2025-03-26T12:17:35","slug":"asi-empiezan-los-embalses-de-la-marina-baixa-la-primavera","status":"publish","type":"post","link":"https:\/\/serbenidorm.daliisolutions.com\/index.php\/2025\/03\/26\/asi-empiezan-los-embalses-de-la-marina-baixa-la-primavera\/","title":{"rendered":"As\u00ed empiezan los embalses de la Marina Baixa la primavera"},"content":{"rendered":"  <p><div data-adtype=\"MLDB\"><\/div><\/p>   <p>Benidorm<\/p>   <p>Las \u00faltimas lluvias registradas en la Marina Baixa, bastante menores en comparaci\u00f3n a otros territorios donde la situaci\u00f3n h\u00eddrica ha cambiado dr\u00e1sticamente en las \u00faltimas semanas, no han servido para revertir la sequ\u00eda que afecta a nuestra comarca.<\/p>   <p>El <a href=\"https:\/\/cadenaser.com\/tag\/comarca_la_marina_baixa\/a\/\" target=\"_blank\">pantano de Guadalest<\/a> tiene una capacidad total de 13 hect\u00f3metros c\u00fabicos y embalsa a d\u00eda de hoy s\u00f3lo 3,43 hm3, solo uno m\u00e1s que cuando comenz\u00f3 el episodio de precipitaciones, lo que lo sit\u00faa algunas d\u00e9cimas por encima del 23% de su capacidad.<\/p>  <p><p>M\u00e1s informaci\u00f3n<\/p><figure><img loading=\"lazy\" decoding=\"async\" src=\"https:\/\/cadenaser.com\/resizer\/v2\/G7AAZMMRXJBA5CY4AQSOSAG56Y.jpeg?auth=0a445543e4873d5f3e4dee2f6e3a650e80fe8392ef3f881c48c5d9c49eb80c24&amp;quality=70&amp;width=360&amp;height=202&amp;smart=true\" width=\"820\" height=\"621\" \/><\/figure><ul><li><a href=\"https:\/\/cadenaser.com\/comunitat-valenciana\/2025\/03\/25\/bomberos-del-consorcio-se-plantan-no-haran-mas-horas-extra-ni-asistiran-a-cursos-mientras-no-se-atiendan-sus-demandas-contra-la-mala-gestion-radio-alicante\/\"><span>Bomberos del Consorcio se plantan: no har\u00e1n m\u00e1s horas extra ni asistir\u00e1n a cursos mientras no se atiendan sus demandas \u201ccontra la mala gesti\u00f3n\u201d<\/span><\/a><\/li><\/ul><\/p>   <p>Una situaci\u00f3n que es todav\u00eda peor en el otro reservorio de la comarca, el del<a href=\"https:\/\/cadenaser.com\/tag\/vila_joiosa\/a\/\" target=\"_blank\"> Amadorio<\/a> (situado entre La Vila Joiosa y Orxeta), que a d\u00eda de hoy contiene s\u00f3lo 1,8 hm3, un 11% de los 15,83 hm3 que puede embalsar a su m\u00e1xima capacidad. En este caso, el aumento registrado en el \u00faltimo mes, con esos 21 d\u00edas de lluvia, ha sido de unos anecd\u00f3ticos, 0,45 hm3 m\u00e1s.<\/p>   <p>Esas peque\u00f1as subidas en la cantidad de agua almacenada en los dos pantanos no han servido, en cualquier caso, para llegar a los niveles que ambos registraban en la misma fecha de 2024, cuando el del Amadorio conten\u00eda 2,89 hm3 y el de Guadalest, casi 5 hm3.<\/p>   <p>Entre ambos embalses, las reservas de la Marina Baixa se sit\u00faan en un 17% del total, algo que contrasta de manera llamativa con la media de la cuenca, que se eleva al 57% siendo, con mucha diferencia, los dos pantanos m\u00e1s secos de toda la Confederaci\u00f3n Hidrogr\u00e1fica del J\u00facar.<\/p>   <p>     .c-w {         max-width: 662px;         width: 100%;         margin:12px 0 24px auto;         background: #00755E;         border-radius: 99px;         display: flex;         align-items: center;         justify-content: center;     }     .c-w:hover {         background-color:#6CB3A5;     }      .c-w a {         display: flex;         align-items: center;         justify-content: center;         padding: 6px 0;         width:100%;     }      .c-w img {         width: 24px;         margin-right: 12px;     }      .c-w p {         font: 18px\/30px Poppins;         text-align: center;         color: #fff;         margin: 0;     }      @media (max-width:444px) {         .c-w a {             padding: 4px 12px;         }          .c-w img {             width: 24px;             margin-right: 8px;         }          .c-w p {             font: 14px\/25px Poppins;         }     }      @media (max-width:335px) {         .c-w p {             font: 13px\/25px Poppins;         }     }  <div class=\"c-w\"> <a href=\"https:\/\/www.whatsapp.com\/channel\/0029Va633PF9WtC4l7XUzh1e\" rel=\"nofollow\" target=\"_blank\">         <img decoding=\"async\" src=\"https:\/\/cadenaser.com\/estaticos\/recursosgraficos\/responsive\/img\/ico-whatsapp.svg\" alt=\"Whatsapp\">         <p>\u00danete al <b>canal de WhatsApp<\/b> de la SER<\/p>     <\/a> <\/div><\/p> ","protected":false},"excerpt":{"rendered":"<p>Aumenta ligeramente el agua embalsada tras las \u00faltimas lluvias, pero sigue por debajo de los niveles de hace un a\u00f1o<\/p>\n","protected":false},"author":0,"featured_media":13515,"comment_status":"open","ping_status":"open","sticky":false,"template":"","format":"standard","meta":{"_acf_changed":false,"footnotes":""},"categories":[1],"tags":[],"class_list":["post-13514","post","type-post","status-publish","format-standard","has-post-thumbnail","hentry","category-sin-categoria"],"acf":{"ser_id":"FIE4XV23ENFUNKPFH3O7JYPS3E","ser_url":"https:\/\/cadenaser.com\/comunitat-valenciana\/2025\/03\/26\/asi-empiezan-los-embalses-de-la-marina-baixa-la-primavera-radio-benidorm\/"},"_links":{"self":[{"href":"https:\/\/serbenidorm.daliisolutions.com\/index.php\/wp-json\/wp\/v2\/posts\/13514","targetHints":{"allow":["GET"]}}],"collection":[{"href":"https:\/\/serbenidorm.daliisolutions.com\/index.php\/wp-json\/wp\/v2\/posts"}],"about":[{"href":"https:\/\/serbenidorm.daliisolutions.com\/index.php\/wp-json\/wp\/v2\/types\/post"}],"replies":[{"embeddable":true,"href":"https:\/\/serbenidorm.daliisolutions.com\/index.php\/wp-json\/wp\/v2\/comments?post=13514"}],"version-history":[{"count":0,"href":"https:\/\/serbenidorm.daliisolutions.com\/index.php\/wp-json\/wp\/v2\/posts\/13514\/revisions"}],"wp:featuredmedia":[{"embeddable":true,"href":"https:\/\/serbenidorm.daliisolutions.com\/index.php\/wp-json\/wp\/v2\/media\/13515"}],"wp:attachment":[{"href":"https:\/\/serbenidorm.daliisolutions.com\/index.php\/wp-json\/wp\/v2\/media?parent=13514"}],"wp:term":[{"taxonomy":"category","embeddable":true,"href":"https:\/\/serbenidorm.daliisolutions.com\/index.php\/wp-json\/wp\/v2\/categories?post=13514"},{"taxonomy":"post_tag","embeddable":true,"href":"https:\/\/serbenidorm.daliisolutions.com\/index.php\/wp-json\/wp\/v2\/tags?post=13514"}],"curies":[{"name":"wp","href":"https:\/\/api.w.org\/{rel}","templated":true}]}}