{"id":13614,"date":"2025-03-26T14:52:59","date_gmt":"2025-03-26T13:52:59","guid":{"rendered":"https:\/\/serbenidorm.daliisolutions.com\/index.php\/2025\/03\/26\/benidorm-se-despide-de-la-exposicion-monumental-de-jimenez-deredia\/"},"modified":"2025-03-26T14:52:59","modified_gmt":"2025-03-26T13:52:59","slug":"benidorm-se-despide-de-la-exposicion-monumental-de-jimenez-deredia","status":"publish","type":"post","link":"https:\/\/serbenidorm.daliisolutions.com\/index.php\/2025\/03\/26\/benidorm-se-despide-de-la-exposicion-monumental-de-jimenez-deredia\/","title":{"rendered":"Benidorm se despide de la exposici\u00f3n monumental de Jim\u00e9nez Deredia"},"content":{"rendered":"  <p><div data-adtype=\"MLDB\"><\/div><\/p>   <p>Benidorm<\/p>   <p>Despu\u00e9s de algo m\u00e1s de un a\u00f1o instaladas en el Paseo de Poniente, las seis esculturas monumentales del artista costarricense Jim\u00e9nez Deredia se despiden de Benidorm y ponen rumbo a Suiza. <\/p>   <p>La edil de Patrimonio Hist\u00f3rico y Cultural, Ana Pellicer, ha explicado en Hoy por Hoy Benidorm que \u201canoche se procedi\u00f3 al desmontaje de las piezas, que llegaron a Benidorm a finales de febrero de 2024 de la mano de la Ciutat de les Arts i les Ci\u00e9ncies y que durante algo m\u00e1s de doce meses han convivido con centenares de miles de personas frente a la playa de Poniente\u201d.<\/p>   <p>Una ubicaci\u00f3n a pie de calle, ha recordado la edil, que \u201centusiasm\u00f3 al artista, que nos acompa\u00f1\u00f3 hace un a\u00f1o en el estreno de la exposici\u00f3n que antes de llegar a Benidorm hab\u00eda hecho paradas en ciudades tan destacadas como Roma, Shangai o Miami\u201d. <\/p>   <p>De hecho, durante la apertura de la muestra Jim\u00e9nez Deredia defendi\u00f3 las exposiciones en v\u00eda p\u00fablica al permitir al gran p\u00fablico \u201ctener contacto y relaci\u00f3n\u201d con el arte y, en este caso la escultura, \u201cindependientemente de su condici\u00f3n econ\u00f3mica y social\u201d.<\/p>   <p> Sobre la elecci\u00f3n de Benidorm, el costarricense afirm\u00f3 que en su primera visita para conocer la ciudad y el espacio sugerido para la exposici\u00f3n \u201cnos encant\u00f3 la energ\u00eda\u201d que se respiraba en \u201cestos paisajes tan especiales\u201d con \u201cel mar, la monta\u00f1a y la isla detr\u00e1s\u201d. \u201cEso nos hizo tomar la decisi\u00f3n de que \u00e9sta podr\u00eda ser una etapa muy importante de esta exposici\u00f3n\u201d, agreg\u00f3.<\/p>   <p>     .c-w {         max-width: 662px;         width: 100%;         margin:12px 0 24px auto;         background: #00755E;         border-radius: 99px;         display: flex;         align-items: center;         justify-content: center;     }     .c-w:hover {         background-color:#6CB3A5;     }      .c-w a {         display: flex;         align-items: center;         justify-content: center;         padding: 6px 0;         width:100%;     }      .c-w img {         width: 24px;         margin-right: 12px;     }      .c-w p {         font: 18px\/30px Poppins;         text-align: center;         color: #fff;         margin: 0;     }      @media (max-width:444px) {         .c-w a {             padding: 4px 12px;         }          .c-w img {             width: 24px;             margin-right: 8px;         }          .c-w p {             font: 14px\/25px Poppins;         }     }      @media (max-width:335px) {         .c-w p {             font: 13px\/25px Poppins;         }     }  <div class=\"c-w\"> <a href=\"https:\/\/www.whatsapp.com\/channel\/0029Va633PF9WtC4l7XUzh1e\" rel=\"nofollow\" target=\"_blank\">         <img decoding=\"async\" src=\"https:\/\/cadenaser.com\/estaticos\/recursosgraficos\/responsive\/img\/ico-whatsapp.svg\" alt=\"Whatsapp\">         <p>\u00danete al <b>canal de WhatsApp<\/b> de la SER<\/p>     <\/a> <\/div><\/p>   <p>Pellicer ha significado que \u201cen el \u00faltimo a\u00f1o, Encanto, Arrullo, Refugio, Conciencia, Sue\u00f1o y Cresp\u00fasculo, las seis piezas de m\u00e1rmol y bronce esculpidas por Jim\u00e9nez Deredia han formado parte del paisaje urbano de Poniente a\u00f1adiendo un plus a un paseo mar\u00edtimo que ya de por s\u00ed tiene mucho de art\u00edstico y que se ha convertido en uno de los grandes espacios expositivos de Benidorm\u201d, por el que con anterioridad han pasado autores como Arne Quinze o Juan M\u00e9jica y que alberga a los cisnes de Hung Yi.<\/p> ","protected":false},"excerpt":{"rendered":"<p>Repasamos las exposiciones de esculturas de gran formato que ha acogido la ciudad<\/p>\n","protected":false},"author":0,"featured_media":13615,"comment_status":"open","ping_status":"open","sticky":false,"template":"","format":"standard","meta":{"_acf_changed":false,"footnotes":""},"categories":[1],"tags":[],"class_list":["post-13614","post","type-post","status-publish","format-standard","has-post-thumbnail","hentry","category-sin-categoria"],"acf":{"ser_id":"ZC6E42D2OJCVHH6UAHDSKVENCI","ser_url":"https:\/\/cadenaser.com\/comunitat-valenciana\/2025\/03\/26\/benidorm-se-despide-de-la-exposicion-monumental-de-jimenez-deredia-radio-benidorm\/"},"_links":{"self":[{"href":"https:\/\/serbenidorm.daliisolutions.com\/index.php\/wp-json\/wp\/v2\/posts\/13614","targetHints":{"allow":["GET"]}}],"collection":[{"href":"https:\/\/serbenidorm.daliisolutions.com\/index.php\/wp-json\/wp\/v2\/posts"}],"about":[{"href":"https:\/\/serbenidorm.daliisolutions.com\/index.php\/wp-json\/wp\/v2\/types\/post"}],"replies":[{"embeddable":true,"href":"https:\/\/serbenidorm.daliisolutions.com\/index.php\/wp-json\/wp\/v2\/comments?post=13614"}],"version-history":[{"count":0,"href":"https:\/\/serbenidorm.daliisolutions.com\/index.php\/wp-json\/wp\/v2\/posts\/13614\/revisions"}],"wp:featuredmedia":[{"embeddable":true,"href":"https:\/\/serbenidorm.daliisolutions.com\/index.php\/wp-json\/wp\/v2\/media\/13615"}],"wp:attachment":[{"href":"https:\/\/serbenidorm.daliisolutions.com\/index.php\/wp-json\/wp\/v2\/media?parent=13614"}],"wp:term":[{"taxonomy":"category","embeddable":true,"href":"https:\/\/serbenidorm.daliisolutions.com\/index.php\/wp-json\/wp\/v2\/categories?post=13614"},{"taxonomy":"post_tag","embeddable":true,"href":"https:\/\/serbenidorm.daliisolutions.com\/index.php\/wp-json\/wp\/v2\/tags?post=13614"}],"curies":[{"name":"wp","href":"https:\/\/api.w.org\/{rel}","templated":true}]}}