{"id":13658,"date":"2025-03-27T19:20:41","date_gmt":"2025-03-27T18:20:41","guid":{"rendered":"https:\/\/serbenidorm.daliisolutions.com\/index.php\/2025\/03\/27\/la-policia-local-de-benidorm-y-los-inspectores-municipales-seran-los-encargados-de-controlar-los-pisos-turisticos-en-la-ciudad\/"},"modified":"2025-03-27T19:20:41","modified_gmt":"2025-03-27T18:20:41","slug":"la-policia-local-de-benidorm-y-los-inspectores-municipales-seran-los-encargados-de-controlar-los-pisos-turisticos-en-la-ciudad","status":"publish","type":"post","link":"https:\/\/serbenidorm.daliisolutions.com\/index.php\/2025\/03\/27\/la-policia-local-de-benidorm-y-los-inspectores-municipales-seran-los-encargados-de-controlar-los-pisos-turisticos-en-la-ciudad\/","title":{"rendered":"La Polic\u00eda Local de Benidorm y los inspectores municipales ser\u00e1n los encargados de controlar los pisos tur\u00edsticos en la ciudad"},"content":{"rendered":"  <p><div data-adtype=\"MLDB\"><\/div><\/p>   <p>Benidorm<\/p>   <p>La Polic\u00eda Local de Benidorm y el cuerpo de inspectores del Ayuntamiento ser\u00e1n la primera l\u00ednea de control de las viviendas tur\u00edsticas irregulares de la ciudad una vez que la administraci\u00f3n local apruebe el lunes en pleno asumir esas competencias de parte de la Generalitat.<\/p>   <p>As\u00ed lo han confirmado a esta redacci\u00f3n fuentes municipales que, por el momento, <a href=\"https:\/\/cadenaser.com\/tag\/benidorm\/a\/\" target=\"_blank\">no han concretado qu\u00e9 parte de estos equipos se dedicar\u00e1 a este cometido o si se reforzar\u00e1n por la sobrecarga de trabajo que va a conllevar esta nueva funci\u00f3n<\/a>. Una inspecci\u00f3n que el consistorio podr\u00eda empezar a desarrollar en tan solo \u00abun par de semanas\u00bb seg\u00fan han indicado desde la Conselleria de Turismo.<\/p>  <p><p>M\u00e1s informaci\u00f3n<\/p><figure><img loading=\"lazy\" decoding=\"async\" src=\"https:\/\/cadenaser.com\/resizer\/v2\/VE7V67VFAZFAZDJTPCAUH2DQWQ.jpg?auth=350133f40fe6a82fd5221c5484edf3c82d31ba4027976bf42e7394e2e875f711&amp;quality=70&amp;width=360&amp;height=202&amp;smart=true\" width=\"820\" height=\"621\" \/><\/figure><ul><li><a href=\"https:\/\/cadenaser.com\/comunitat-valenciana\/2025\/02\/11\/el-sindicato-mayoritario-del-ayuntamiento-de-benidorm-exige-refuerzos-para-la-inspeccion-de-viviendas-turisticas-radio-benidorm\/\"><span>El sindicato mayoritario del Ayuntamiento de Benidorm exige refuerzos para la inspecci\u00f3n de viviendas tur\u00edsticas<\/span><\/a><\/li><\/ul><\/p>   <p>Cabe recordar que el Sindicato Profesional de Polic\u00edas Locales y Bomberos (SPPLB), mayoritario en el Ayuntamiento, ya puso cifras hace un mes a los refuerzos necesarios para poder cumplir con las novedades que conlleva este convenio <a href=\"https:\/\/cadenaser.com\/comunitat-valenciana\/2025\/02\/11\/el-sindicato-mayoritario-del-ayuntamiento-de-benidorm-exige-refuerzos-para-la-inspeccion-de-viviendas-turisticas-radio-benidorm\/\" target=\"_blank\">pidiendo que se convocaran \u00abde forma inmediata\u00bb 20 plazas de agente de Polic\u00eda Local y seis de inspectores municipales<\/a>.<\/p>   <p>El de Benidorm va a ser el segundo consistorio de la regi\u00f3n tras Valencia en empezar a formar parte de este programa de la Generalitat Valenciana y la Federaci\u00f3n Valenciana de Municipios y Provincias (FVMP) que conlleva poner los recursos para el control de los alojamientos pero tambi\u00e9n recaudar el dinero de las sanciones, que en palabras de la consellera Mari\u00e1n Cano se han incrementado un 30 % y en los casos m\u00e1s graves podr\u00edan alcanzar los 600.000 euros.<\/p>   <p>El de la recaudaci\u00f3n es el principal argumento de Turisme frente a las cr\u00edticas de la oposici\u00f3n del PSPV-PSOE en Les Corts, cuyo diputado Mario Villar hac\u00eda hincapi\u00e9 en sus \u00faltimas preguntas parlamentarias a la consellera en que \u00abhan dejado a su suerte a los ayuntamientos\u00bb: \u00bfDe verdad cree que solo con la colaboraci\u00f3n van a hacer algo cuando tienen funciones propias?, se preguntaba el socialista insistiendo en que el poder auton\u00f3mico tiene que dar recursos al municipal.<\/p>   <p>     .c-w {         max-width: 662px;         width: 100%;         margin:12px 0 24px auto;         background: #00755E;         border-radius: 99px;         display: flex;         align-items: center;         justify-content: center;     }     .c-w:hover {         background-color:#6CB3A5;     }      .c-w a {         display: flex;         align-items: center;         justify-content: center;         padding: 6px 0;         width:100%;     }      .c-w img {         width: 24px;         margin-right: 12px;     }      .c-w p {         font: 18px\/30px Poppins;         text-align: center;         color: #fff;         margin: 0;     }      @media (max-width:444px) {         .c-w a {             padding: 4px 12px;         }          .c-w img {             width: 24px;             margin-right: 8px;         }          .c-w p {             font: 14px\/25px Poppins;         }     }      @media (max-width:335px) {         .c-w p {             font: 13px\/25px Poppins;         }     }  <div class=\"c-w\"> <a href=\"https:\/\/www.whatsapp.com\/channel\/0029Va633PF9WtC4l7XUzh1e\" rel=\"nofollow\" target=\"_blank\">         <img decoding=\"async\" src=\"https:\/\/cadenaser.com\/estaticos\/recursosgraficos\/responsive\/img\/ico-whatsapp.svg\" alt=\"Whatsapp\">         <p>\u00danete al <b>canal de WhatsApp<\/b> de la SER<\/p>     <\/a> <\/div><\/p>   <p><div class=\"c-mul-sc\"><div id=\"player-cadenaser_benidorm_hora14benidorm_20250327_141700_143000\" class=\"c-player-audio\"><button class=\"bt-play\" data-audioid=\"cadenaser_benidorm_hora14benidorm_20250327_141700_143000\" data-type=\"aod\" data-description=\"La \u00faltima hora y la informaci\u00f3n de la ma\u00f1ana en la Marina Baixa y Benidorm, en la Cadena SER. Escucha todas las noticias de la jornada, el an\u00e1lisis y la informaci\u00f3n de servicio.\" data-accountname=\"playser\"><\/button><div class=\"c-copiado\"><p>El c\u00f3digo iframe se ha copiado en el portapapeles<\/p><\/div><div class=\"d-audio\"><p class=\"tit\">Hora 14 Benidorm (27\/03\/2025)<\/p><div class=\"b-pro\"><span class=\"progreso\"><\/span><\/div><div class=\"c-times\"><span class=\"t-progreso\">00:00:00<\/span><span class=\"t-total-audio\">13:00<\/span><\/div><\/div><button class=\"bt-op\"><\/button><div class=\"c-opciones c-comun\"><a href=\"https:\/\/prisa-es.mc.tritondigital.com\/RADIO_BENIDORM_CADENASER_3154_P\/media\/2025\/3\/27\/cadenaser_benidorm_hora14benidorm_20250327_141700_143000.mp3?dist=cadenaser-web-tfp-permanente&amp;csegid=22000&amp;dl=1\" class=\"bt-down\">Descargar<\/a><button class=\"bt-share\">Compartir<\/button><button class=\"bt-close\">Cerrar<\/button><\/div><div class=\"c-opciones c-share\"><button class=\"bt-fb\" data-ssnn=\"facebook\" data-url=\"https:\/\/cadenaser.com\/comunitat-valenciana\/2025\/03\/27\/la-policia-local-de-benidorm-y-los-inspectores-municipales-seran-los-encargados-de-controlar-los-pisos-turisticos-en-la-ciudad-radio-benidorm\/\" data-title=\"Hora 14 Benidorm (27\/03\/2025)\">Facebook<\/button><button class=\"bt-tw\" data-ssnn=\"twitter\" data-url=\"https:\/\/cadenaser.com\/comunitat-valenciana\/2025\/03\/27\/la-policia-local-de-benidorm-y-los-inspectores-municipales-seran-los-encargados-de-controlar-los-pisos-turisticos-en-la-ciudad-radio-benidorm\/\" data-title=\"Hora 14 Benidorm (27\/03\/2025)\">Twitter<\/button><button class=\"bt-li\" data-ssnn=\"linkedin\" data-url=\"https:\/\/cadenaser.com\/comunitat-valenciana\/2025\/03\/27\/la-policia-local-de-benidorm-y-los-inspectores-municipales-seran-los-encargados-de-controlar-los-pisos-turisticos-en-la-ciudad-radio-benidorm\/\" data-title=\"Hora 14 Benidorm (27\/03\/2025)\">Linkedin<\/button><button class=\"bt-wh\" data-ssnn=\"whatsapp\" data-url=\"https:\/\/cadenaser.com\/comunitat-valenciana\/2025\/03\/27\/la-policia-local-de-benidorm-y-los-inspectores-municipales-seran-los-encargados-de-controlar-los-pisos-turisticos-en-la-ciudad-radio-benidorm\/\" data-title=\"Hora 14 Benidorm (27\/03\/2025)\">WhatsApp<\/button><button class=\"bt-close\">Cerrar<\/button><\/div><\/div><\/div><\/p>   <p>A este respecto la consellera insist\u00eda en que uno de los pilares del plan es el \u201crefuerzo contra el intrusismo y la econom\u00eda sumergida\u201d con un control m\u00e1s estricto de las viviendas tur\u00edsticas gracias al Decreto-Ley 9\/2024, que introduce por primera vez inspecciones aleatorias y aplica un nuevo r\u00e9gimen sancionador mucho m\u00e1s riguroso que el anterior.<\/p>   <p>En el caso de Valencia, ha indicado Cano, \u00abesta misma semana le hemos derivado las primeras reclamaciones\u00bb. Antes de Semana Santa esto puede empezar a ocurrir tambi\u00e9n en Benidorm.<\/p> ","protected":false},"excerpt":{"rendered":"<p>El Ayuntamiento asumir\u00e1 en las pr\u00f3ximas semanas las competencias para sancionar a los alejamientos irregulares y el sindicato mayoritario pide refuerzos<\/p>\n","protected":false},"author":0,"featured_media":13659,"comment_status":"open","ping_status":"open","sticky":false,"template":"","format":"standard","meta":{"_acf_changed":false,"footnotes":""},"categories":[1],"tags":[],"class_list":["post-13658","post","type-post","status-publish","format-standard","has-post-thumbnail","hentry","category-sin-categoria"],"acf":{"ser_id":"II2DCDCTLBFTZF3QK7JC662YDU","ser_url":"https:\/\/cadenaser.com\/comunitat-valenciana\/2025\/03\/27\/la-policia-local-de-benidorm-y-los-inspectores-municipales-seran-los-encargados-de-controlar-los-pisos-turisticos-en-la-ciudad-radio-benidorm\/"},"_links":{"self":[{"href":"https:\/\/serbenidorm.daliisolutions.com\/index.php\/wp-json\/wp\/v2\/posts\/13658","targetHints":{"allow":["GET"]}}],"collection":[{"href":"https:\/\/serbenidorm.daliisolutions.com\/index.php\/wp-json\/wp\/v2\/posts"}],"about":[{"href":"https:\/\/serbenidorm.daliisolutions.com\/index.php\/wp-json\/wp\/v2\/types\/post"}],"replies":[{"embeddable":true,"href":"https:\/\/serbenidorm.daliisolutions.com\/index.php\/wp-json\/wp\/v2\/comments?post=13658"}],"version-history":[{"count":0,"href":"https:\/\/serbenidorm.daliisolutions.com\/index.php\/wp-json\/wp\/v2\/posts\/13658\/revisions"}],"wp:featuredmedia":[{"embeddable":true,"href":"https:\/\/serbenidorm.daliisolutions.com\/index.php\/wp-json\/wp\/v2\/media\/13659"}],"wp:attachment":[{"href":"https:\/\/serbenidorm.daliisolutions.com\/index.php\/wp-json\/wp\/v2\/media?parent=13658"}],"wp:term":[{"taxonomy":"category","embeddable":true,"href":"https:\/\/serbenidorm.daliisolutions.com\/index.php\/wp-json\/wp\/v2\/categories?post=13658"},{"taxonomy":"post_tag","embeddable":true,"href":"https:\/\/serbenidorm.daliisolutions.com\/index.php\/wp-json\/wp\/v2\/tags?post=13658"}],"curies":[{"name":"wp","href":"https:\/\/api.w.org\/{rel}","templated":true}]}}