{"id":13662,"date":"2025-03-27T19:20:44","date_gmt":"2025-03-27T18:20:44","guid":{"rendered":"https:\/\/serbenidorm.daliisolutions.com\/index.php\/2025\/03\/27\/benidorm-acoge-una-exhibicion-de-perros-guia-de-la-once\/"},"modified":"2025-03-27T19:20:44","modified_gmt":"2025-03-27T18:20:44","slug":"benidorm-acoge-una-exhibicion-de-perros-guia-de-la-once","status":"publish","type":"post","link":"https:\/\/serbenidorm.daliisolutions.com\/index.php\/2025\/03\/27\/benidorm-acoge-una-exhibicion-de-perros-guia-de-la-once\/","title":{"rendered":"Benidorm acoge una exhibici\u00f3n de perros gu\u00eda de la ONCE"},"content":{"rendered":"  <p><div data-adtype=\"MLDB\"><\/div><\/p>   <p>Benidorm<\/p>   <p><a href=\"https:\/\/radiobenidorm.es\" target=\"_blank\" rel=\"nofollow\" title=\"https:\/\/radiobenidorm.es\">Hoy por Hoy Benidorm<\/a> ha salido hoy a la calle y se ha desplazado hasta el Palau d&#8217;Esports L&#8217;Illa de Benidorm para conocer la labor que la Fundaci\u00f3n Once del Perro Gu\u00eda desarrolla. <\/p>   <p>Precisamente en este espacio la <a href=\"https:\/\/cadenaser.com\/audio\/1742215032096\/\" target=\"_blank\" rel=\"nofollow\" title=\"https:\/\/cadenaser.com\/audio\/1742215032096\/\">ONCE<\/a> ha realizado una exhibici\u00f3n en la que ha mostrado a la ciudadan\u00eda c\u00f3mo se trabaja con estos animales para que lleguen a ser uno de los elementos fundamentales de la autonom\u00eda y seguridad de las personas ciegas. <\/p>   <p>Bajo el lema \u2018Mucho m\u00e1s que un perro\u2019, las cerca de 1.000 personas asistentes, procedentes de distintos centros educativos de Benidorm y ciudadan\u00eda en general, ha sido testigos de diversos ejercicios de obediencia y concentraci\u00f3n realizados por estos animales junto a los instructores de movilidad Eloy Aranda y Rafael Almansa, que han estado acompa\u00f1ados por Tibor (labrador negro) y Dior (pastor alem\u00e1n color sable). <\/p>   <p>Ambos han mostrado en un circuito c\u00f3mo es el proceso de adiestramiento para que los perros puedan salvar obst\u00e1culos, subir o bajar escaleras, cruzar pasos de cebra, buscar puertas o permanecer en una cafeter\u00eda o en cualquier medio de transporte a los pies de una persona ciega como Mar\u00eda Luz Men\u00e9ndez o Mois\u00e9s Moreno, usuarios de perro gu\u00eda de Alicante, que han explicado c\u00f3mo es su vida diaria junto a ORI y ODRI, respectivamente.<\/p>  <p><figure><img decoding=\"async\" src=\"https:\/\/cadenaser.com\/resizer\/v2\/E67XGJIH3JDC7AHJRHAYSMPDW4.jpg?auth=f2be7d7c26f0627fe1185b8dc54cefc445585ff6d1a289e1fa3e92c246e37ab5&amp;quality=70&amp;width=650&amp;height=365&amp;smart=true\" width=\"16\" height=\"9\" loading=\"lazy\" \/><\/figure><button class=\"bt-am\">Ampliar<\/button><div class=\"lb d-none\"><div><figure><img loading=\"lazy\" decoding=\"async\" src=\"https:\/\/cadenaser.com\/resizer\/v2\/E67XGJIH3JDC7AHJRHAYSMPDW4.jpg?auth=f2be7d7c26f0627fe1185b8dc54cefc445585ff6d1a289e1fa3e92c246e37ab5\" width=\"16\" height=\"9\" \/><\/figure><button>Cerrar<\/button><\/div><\/div><\/p>   <p>Tambi\u00e9n han participado el presidente del Consejo Territorial de la ONCE en la Comunidad Valenciana, Enrique Llin; la directora de la ONCE en Alicante, Estela Medina; el alcalde de Benidorm y presidente de la Diputaci\u00f3n de Alicante, Toni P\u00e9rez y el concejal de Espacio P\u00fablico, Obras, Accesibilidad y Movilidad de Benidorm, Francisco Jos\u00e9 Mu\u00f1oz, quien se ha puesto un antifaz en los ojos y ha experimentado en primera persona la sensaci\u00f3n de desplazarse sin ver junto un perro gu\u00eda de la ONCE.<\/p>   <p>     .c-w {         max-width: 662px;         width: 100%;         margin:12px 0 24px auto;         background: #00755E;         border-radius: 99px;         display: flex;         align-items: center;         justify-content: center;     }     .c-w:hover {         background-color:#6CB3A5;     }      .c-w a {         display: flex;         align-items: center;         justify-content: center;         padding: 6px 0;         width:100%;     }      .c-w img {         width: 24px;         margin-right: 12px;     }      .c-w p {         font: 18px\/30px Poppins;         text-align: center;         color: #fff;         margin: 0;     }      @media (max-width:444px) {         .c-w a {             padding: 4px 12px;         }          .c-w img {             width: 24px;             margin-right: 8px;         }          .c-w p {             font: 14px\/25px Poppins;         }     }      @media (max-width:335px) {         .c-w p {             font: 13px\/25px Poppins;         }     }  <div class=\"c-w\"> <a href=\"https:\/\/www.whatsapp.com\/channel\/0029Va633PF9WtC4l7XUzh1e\" rel=\"nofollow\" target=\"_blank\">         <img decoding=\"async\" src=\"https:\/\/cadenaser.com\/estaticos\/recursosgraficos\/responsive\/img\/ico-whatsapp.svg\" alt=\"Whatsapp\">         <p>\u00danete al <b>canal de WhatsApp<\/b> de la SER<\/p>     <\/a> <\/div><\/p>   <p>Los asistentes tambi\u00e9n han tenido la oportunidad de conocer las distintas etapas por las que atraviesa un perro hasta convertirse en los ojos de una persona ciega (crianza, socializaci\u00f3n, adiestramiento, vida diaria y retirada) y han repasado algunos consejos para saber c\u00f3mo comportarse ante un perro gu\u00eda.<\/p>   <p>El primero de ellos es que no se les ofrezca ning\u00fan tipo de comida a los perros, ya que pueden tener alguna intolerancia alimentaria y se les puede provocar un problema digestivo que perjudique su salud y bienestar, adem\u00e1s de alterar el apoyo diario que le brinda a la persona ciega a la que acompa\u00f1a.<\/p>   <p>Tambi\u00e9n han recordado la importancia de no distraer la atenci\u00f3n del perro mientras caminan junto a una persona ciega, una acci\u00f3n que realizan gustosamente, pero que requiere de su concentraci\u00f3n para garantizar su seguridad.<\/p>   <p>Otro de los consejos para la ciudadan\u00eda es que aquellas personas que tienen perros de compa\u00f1\u00eda no los dejen sueltos si hay un perro gu\u00eda cerca, y los mantengan siempre controlados a su lado.<\/p> ","protected":false},"excerpt":{"rendered":"<p>900 alumnos de Primaria han aprendido c\u00f3mo se educa e instruye a esos perros para ayudar a sus due\u00f1os en entornos urbanos<\/p>\n","protected":false},"author":0,"featured_media":13663,"comment_status":"open","ping_status":"open","sticky":false,"template":"","format":"standard","meta":{"_acf_changed":false,"footnotes":""},"categories":[1],"tags":[],"class_list":["post-13662","post","type-post","status-publish","format-standard","has-post-thumbnail","hentry","category-sin-categoria"],"acf":{"ser_id":"TYO4RDPWRZHAFE2FVCZLFJ3UT4","ser_url":"https:\/\/cadenaser.com\/comunitat-valenciana\/2025\/03\/27\/benidorm-acoge-una-exhibicion-de-perros-guia-de-la-once-radio-benidorm\/"},"_links":{"self":[{"href":"https:\/\/serbenidorm.daliisolutions.com\/index.php\/wp-json\/wp\/v2\/posts\/13662","targetHints":{"allow":["GET"]}}],"collection":[{"href":"https:\/\/serbenidorm.daliisolutions.com\/index.php\/wp-json\/wp\/v2\/posts"}],"about":[{"href":"https:\/\/serbenidorm.daliisolutions.com\/index.php\/wp-json\/wp\/v2\/types\/post"}],"replies":[{"embeddable":true,"href":"https:\/\/serbenidorm.daliisolutions.com\/index.php\/wp-json\/wp\/v2\/comments?post=13662"}],"version-history":[{"count":0,"href":"https:\/\/serbenidorm.daliisolutions.com\/index.php\/wp-json\/wp\/v2\/posts\/13662\/revisions"}],"wp:featuredmedia":[{"embeddable":true,"href":"https:\/\/serbenidorm.daliisolutions.com\/index.php\/wp-json\/wp\/v2\/media\/13663"}],"wp:attachment":[{"href":"https:\/\/serbenidorm.daliisolutions.com\/index.php\/wp-json\/wp\/v2\/media?parent=13662"}],"wp:term":[{"taxonomy":"category","embeddable":true,"href":"https:\/\/serbenidorm.daliisolutions.com\/index.php\/wp-json\/wp\/v2\/categories?post=13662"},{"taxonomy":"post_tag","embeddable":true,"href":"https:\/\/serbenidorm.daliisolutions.com\/index.php\/wp-json\/wp\/v2\/tags?post=13662"}],"curies":[{"name":"wp","href":"https:\/\/api.w.org\/{rel}","templated":true}]}}