{"id":13666,"date":"2025-03-28T08:17:35","date_gmt":"2025-03-28T07:17:35","guid":{"rendered":"https:\/\/serbenidorm.daliisolutions.com\/index.php\/2025\/03\/28\/un-grupo-de-jovenes-de-benidorm-apuesta-por-el-rock-alternativo-en-su-primer-ep\/"},"modified":"2025-03-28T08:17:35","modified_gmt":"2025-03-28T07:17:35","slug":"un-grupo-de-jovenes-de-benidorm-apuesta-por-el-rock-alternativo-en-su-primer-ep","status":"publish","type":"post","link":"https:\/\/serbenidorm.daliisolutions.com\/index.php\/2025\/03\/28\/un-grupo-de-jovenes-de-benidorm-apuesta-por-el-rock-alternativo-en-su-primer-ep\/","title":{"rendered":"Un grupo de j\u00f3venes de Benidorm apuesta por el rock alternativo en su primer EP"},"content":{"rendered":"  <p><div data-adtype=\"MLDB\"><\/div><\/p>   <p>Benidorm<\/p>   <p>Los inicios nunca son f\u00e1ciles pero reunir diferentes variantes de talento siempre ayuda. Ese ha sido el primer movimiento de la banda CRIMS\u00d8N, compuesta por cinco j\u00f3venes de Benidorm y la Marina Baixa con distintas especialidades e influencias en el mundo de la m\u00fasica. A partir de ah\u00ed se inicia el proceso de creaci\u00f3n de EC\u00d8S, su primer <i>Extended Play<\/i> (EP) que se ha estrenado este jueves en todas las plataformas y en directo en <a href=\"https:\/\/cadenaser.com\/tag\/comarca_la_marina_baixa\/a\/\" target=\"_blank\">La Ventana de la Marina Baixa<\/a>.<\/p>   <p>Esos cinco m\u00fasicos son BR\u00d8KN, el cantante que por fin ha desvelado su rostro despu\u00e9s de un tiempo actuando enmascarado en los locales de ocio de la capital tur\u00edstica; Iv\u00e1n, el bajo; Nathan, el \u00abl\u00edder\u00bb de la guitarra; Rodri, el bater\u00eda; y Hasu al frente del teclado y la guitarra r\u00edtmica.<\/p>  <p><p>M\u00e1s informaci\u00f3n<\/p><figure><img loading=\"lazy\" decoding=\"async\" src=\"https:\/\/cadenaser.com\/resizer\/v2\/KILZAIP4ENBKRA75UEDL2V7QJA.jpg?auth=2d2afa8e791e56f3745a02e83eda4e8387c48bbd1e9b5bd4bd244d0242555dcd&amp;quality=70&amp;width=360&amp;height=202&amp;smart=true\" width=\"820\" height=\"621\" \/><\/figure><ul><li><a href=\"https:\/\/cadenaser.com\/comunitat-valenciana\/2025\/03\/25\/el-conservatorio-de-benidorm-celebra-el-dia-del-piano-y-anuncia-nuevos-plazos-de-inscripcion-radio-benidorm\/\"><span>El Conservatorio de Benidorm celebra el D\u00eda del Piano y anuncia nuevos plazos de inscripci\u00f3n<\/span><\/a><\/li><\/ul><\/p>   <p>\u00abSomos una banda de rock alternativo, de la terreta, con mucha hambre y con ganas de comernos el mundo\u00bb, cuentan ilusionados por el sonido de esta primera compilaci\u00f3n de cinco canciones grabada por su cuenta y mezclada y masterizada por PGM Studios: &#8216;Prototipo&#8217;, &#8216;Si Te Es M\u00e1s F\u00e1cil&#8217;, &#8216;Esta Vez&#8217;, &#8216;Luna&#8217; y &#8216;Tus palabras&#8217;.<\/p>   <p>\u00abEstas cinco canciones, son una declaraci\u00f3n de intenciones, que demuestran que vamos a por todas y que marcan un antes y despu\u00e9s en la historia de la banda\u00bb, han asegurado: \u00abEl nombre de \u00abEC\u00d8S\u00bb, hace referencia a situaciones, o vivencias, que nos acompa\u00f1an d\u00eda a d\u00eda en nuestro interior, las cuales, nos hacer ser quienes somos a d\u00eda de hoy\u00bb.<\/p>   <p>Primer concierto<\/p>   <p>El pr\u00f3ximo s\u00e1bado 19 de abril estrenar\u00e1n el EP con su primer concierto en <a href=\"https:\/\/cadenaser.com\/tag\/benidorm\/a\/\" target=\"_blank\">Rockstar Benidorm<\/a> junto con Attica y Venalitia, bandas de Valencia y Zaragoza respectivamente. La entrada ser\u00e1 gratuita y las puertas se abrir\u00e1n a las 20:00 horas.<\/p>   <p>     .c-w {         max-width: 662px;         width: 100%;         margin:12px 0 24px auto;         background: #00755E;         border-radius: 99px;         display: flex;         align-items: center;         justify-content: center;     }     .c-w:hover {         background-color:#6CB3A5;     }      .c-w a {         display: flex;         align-items: center;         justify-content: center;         padding: 6px 0;         width:100%;     }      .c-w img {         width: 24px;         margin-right: 12px;     }      .c-w p {         font: 18px\/30px Poppins;         text-align: center;         color: #fff;         margin: 0;     }      @media (max-width:444px) {         .c-w a {             padding: 4px 12px;         }          .c-w img {             width: 24px;             margin-right: 8px;         }          .c-w p {             font: 14px\/25px Poppins;         }     }      @media (max-width:335px) {         .c-w p {             font: 13px\/25px Poppins;         }     }  <div class=\"c-w\"> <a href=\"https:\/\/www.whatsapp.com\/channel\/0029Va633PF9WtC4l7XUzh1e\" rel=\"nofollow\" target=\"_blank\">         <img decoding=\"async\" src=\"https:\/\/cadenaser.com\/estaticos\/recursosgraficos\/responsive\/img\/ico-whatsapp.svg\" alt=\"Whatsapp\">         <p>\u00danete al <b>canal de WhatsApp<\/b> de la SER<\/p>     <\/a> <\/div><\/p>   <p><div class=\"oembed instagram\"><blockquote class=\"instagram-media\" data-instgrm-captioned data-instgrm-permalink=\"https:\/\/www.instagram.com\/p\/DHTWsOMIoP1\/?utm_source=ig_embed&amp;utm_campaign=loading\" data-instgrm-version=\"14\" style=\"background:#FFF;border:0;border-radius:3px;margin: 1px;max-width:658px;min-width:326px;padding:0;width:99.375%;width:-webkit-calc(100% - 2px);width:calc(100% - 2px)\"><div style=\"padding:16px\"> <a href=\"https:\/\/www.instagram.com\/p\/DHTWsOMIoP1\/?utm_source=ig_embed&amp;utm_campaign=loading\" style=\"background:#FFFFFF;line-height:0;padding:0 0;text-align:center;text-decoration:none;width:100%\" target=\"_blank\"> <div style=\"flex-direction: row;align-items: center\"> <div style=\"background-color: #F4F4F4;border-radius: 50%;flex-grow: 0;height: 40px;margin-right: 14px;width: 40px\"><\/div> <div style=\"flex-direction: column;flex-grow: 1;justify-content: center\"> <div style=\"background-color: #F4F4F4;border-radius: 4px;flex-grow: 0;height: 14px;margin-bottom: 6px;width: 100px\"><\/div> <div style=\"background-color: #F4F4F4;border-radius: 4px;flex-grow: 0;height: 14px;width: 60px\"><\/div><\/div><\/div><div style=\"padding: 19% 0\"><\/div> <div style=\"height:50px;margin:0 auto 12px;width:50px\"><\/div><div style=\"padding-top: 8px\"> <div style=\"color:#3897f0;font-family:Arial,sans-serif;font-size:14px;font-style:normal;font-weight:550;line-height:18px\">View this post on Instagram<\/div><\/div><div style=\"padding: 12.5% 0\"><\/div> <div style=\"flex-direction: row;margin-bottom: 14px;align-items: center\"><div> <div style=\"background-color: #F4F4F4;border-radius: 50%;height: 12.5px;width: 12.5px\"><\/div> <div style=\"background-color: #F4F4F4;height: 12.5px;width: 12.5px;flex-grow: 0;margin-right: 14px;margin-left: 2px\"><\/div> <div style=\"background-color: #F4F4F4;border-radius: 50%;height: 12.5px;width: 12.5px\"><\/div><\/div><div style=\"margin-left: 8px\"> <div style=\"background-color: #F4F4F4;border-radius: 50%;flex-grow: 0;height: 20px;width: 20px\"><\/div> <div style=\"width: 0;height: 0;border-top: 2px solid transparent;border-left: 6px solid #f4f4f4;border-bottom: 2px solid transparent\"><\/div><\/div><div style=\"margin-left: auto\"> <div style=\"width: 0px;border-top: 8px solid #F4F4F4;border-right: 8px solid transparent\"><\/div> <div style=\"background-color: #F4F4F4;flex-grow: 0;height: 12px;width: 16px\"><\/div> <div style=\"width: 0;height: 0;border-top: 8px solid #F4F4F4;border-left: 8px solid transparent\"><\/div><\/div><\/div> <div style=\"flex-direction: column;flex-grow: 1;justify-content: center;margin-bottom: 24px\"> <div style=\"background-color: #F4F4F4;border-radius: 4px;flex-grow: 0;height: 14px;margin-bottom: 6px;width: 224px\"><\/div> <div style=\"background-color: #F4F4F4;border-radius: 4px;flex-grow: 0;height: 14px;width: 144px\"><\/div><\/div><\/a><p style=\"color:#c9c8cd;font-family:Arial,sans-serif;font-size:14px;line-height:17px;margin-bottom:0;margin-top:8px;overflow:hidden;padding:8px 0 7px;text-align:center\"><a href=\"https:\/\/www.instagram.com\/p\/DHTWsOMIoP1\/?utm_source=ig_embed&amp;utm_campaign=loading\" style=\"color:#c9c8cd;font-family:Arial,sans-serif;font-size:14px;font-style:normal;font-weight:normal;line-height:17px;text-decoration:none\" target=\"_blank\">A post shared by CRIMS\u00d8N (@crimson.musicaaa)<\/a><\/p><\/div><\/blockquote> <\/div><\/p>   <p>\u00abEsperamos que os guste nuestra m\u00fasica y si es as\u00ed, vuestro apoyo nos vendr\u00eda muy bien, ya que a d\u00eda de hoy, es muy dif\u00edcil llegar a hacer ruido haciendo algo que no es lo que esta vendiendo, le ponemos mucho cari\u00f1o y esfuerzo a todo lo que hacemos\u00bb.<\/p> ","protected":false},"excerpt":{"rendered":"<p>CRIMS\u00d8N ha compuesto cinco canciones para EC\u00d8S <\/p>\n","protected":false},"author":0,"featured_media":13667,"comment_status":"open","ping_status":"open","sticky":false,"template":"","format":"standard","meta":{"_acf_changed":false,"footnotes":""},"categories":[1],"tags":[],"class_list":["post-13666","post","type-post","status-publish","format-standard","has-post-thumbnail","hentry","category-sin-categoria"],"acf":{"ser_id":"7AQLSM3W25CP7BXDOXRPPG32IU","ser_url":"https:\/\/cadenaser.com\/comunitat-valenciana\/2025\/03\/27\/un-grupo-de-jovenes-de-benidorm-apuesta-por-el-rock-alternativo-en-su-primer-ep-radio-benidorm\/"},"_links":{"self":[{"href":"https:\/\/serbenidorm.daliisolutions.com\/index.php\/wp-json\/wp\/v2\/posts\/13666","targetHints":{"allow":["GET"]}}],"collection":[{"href":"https:\/\/serbenidorm.daliisolutions.com\/index.php\/wp-json\/wp\/v2\/posts"}],"about":[{"href":"https:\/\/serbenidorm.daliisolutions.com\/index.php\/wp-json\/wp\/v2\/types\/post"}],"replies":[{"embeddable":true,"href":"https:\/\/serbenidorm.daliisolutions.com\/index.php\/wp-json\/wp\/v2\/comments?post=13666"}],"version-history":[{"count":0,"href":"https:\/\/serbenidorm.daliisolutions.com\/index.php\/wp-json\/wp\/v2\/posts\/13666\/revisions"}],"wp:featuredmedia":[{"embeddable":true,"href":"https:\/\/serbenidorm.daliisolutions.com\/index.php\/wp-json\/wp\/v2\/media\/13667"}],"wp:attachment":[{"href":"https:\/\/serbenidorm.daliisolutions.com\/index.php\/wp-json\/wp\/v2\/media?parent=13666"}],"wp:term":[{"taxonomy":"category","embeddable":true,"href":"https:\/\/serbenidorm.daliisolutions.com\/index.php\/wp-json\/wp\/v2\/categories?post=13666"},{"taxonomy":"post_tag","embeddable":true,"href":"https:\/\/serbenidorm.daliisolutions.com\/index.php\/wp-json\/wp\/v2\/tags?post=13666"}],"curies":[{"name":"wp","href":"https:\/\/api.w.org\/{rel}","templated":true}]}}