{"id":13680,"date":"2025-03-28T12:06:28","date_gmt":"2025-03-28T11:06:28","guid":{"rendered":"https:\/\/serbenidorm.daliisolutions.com\/index.php\/2025\/03\/28\/ser-deportivos-marina-baixa-se-vuelca-con-el-voley-de-benidorm-y-la-fase-de-ascenso-de-los-chicos\/"},"modified":"2025-03-28T12:06:28","modified_gmt":"2025-03-28T11:06:28","slug":"ser-deportivos-marina-baixa-se-vuelca-con-el-voley-de-benidorm-y-la-fase-de-ascenso-de-los-chicos","status":"publish","type":"post","link":"https:\/\/serbenidorm.daliisolutions.com\/index.php\/2025\/03\/28\/ser-deportivos-marina-baixa-se-vuelca-con-el-voley-de-benidorm-y-la-fase-de-ascenso-de-los-chicos\/","title":{"rendered":"SER Deportivos Marina Baixa se vuelca con el v\u00f3ley de Benidorm y la fase de ascenso de los chicos"},"content":{"rendered":"  <p><div data-adtype=\"MLDB\"><\/div><\/p>   <p>Benidorm<\/p>   <p>A falta de que este fin de semana se dispute la \u00faltima jornada de la Superliga 2 tanto en su versi\u00f3n masculina como femenina con poco o nada en juego para los tres equipos de la comarca, SER Deportivos Marina Baixa ha comenzado ya su particular \u2018concentraci\u00f3n\u2019 de cara a la disputa de la fase de ascenso a la m\u00e1xima categor\u00eda del v\u00f3ley nacional.<\/p>   <p>Este jueves, el espacio deportivo de Radio Benidorm-SER ha emitido la \u00faltima tertulia de voleibol de la fase regular, con la presencia de Ram\u00f3n Gonz\u00e1lez, coordinador del Club Voleibol Playas de Benidorm, y Juanvi Llinares, entrenador del Medsur-Finestrat.<\/p>   <p><b>\u00daltima jornada regular<\/b><\/p>   <p>Con ambos, hemos analizado la \u00faltima jornada de la fase regular de la Superliga 2, quiz\u00e1s, la \u00faltima que disputen los chicos en la categor\u00eda de plata y en la que el Medsur-Finestrat ser\u00e1 el \u00fanico equipo de la comarca que actuar\u00e1 como local.<\/p>   <p>Las finestratenses, de hecho, son las que m\u00e1s cosas tienen en juego ya que podr\u00edan llegar, incluso, a mejorar en dos posiciones su clasificaci\u00f3n final en una tabla en al que ahora son octavas. Para ello, adem\u00e1s de sumar los tres puntos ante un Atarfe ya descendido, deber\u00e1n confiar en las derrotas de Paterna Liceo (s\u00e9ptimo con dos puntos m\u00e1s) e Hidramar Gran Canaria (sexto con dos puntos m\u00e1s).<\/p>   <p>Por su parte, el Servigroup Playas de Benidorm viaja a Canarias para v\u00e9rselas con el Gu\u00eda. En el caso de las de Noelia Santacreu, tambi\u00e9n existe la posibilidad de poder mejorar un puesto m\u00e1s en la tabla (ahora son quintas). Para ello, adem\u00e1s de ganar su partido, deben esperar un tropiezo del Cartagena, que recibe a un muy asequible X\u00e0tiva.<\/p>   <p>     .c-w {         max-width: 662px;         width: 100%;         margin:12px 0 24px auto;         background: #00755E;         border-radius: 99px;         display: flex;         align-items: center;         justify-content: center;     }     .c-w:hover {         background-color:#6CB3A5;     }      .c-w a {         display: flex;         align-items: center;         justify-content: center;         padding: 6px 0;         width:100%;     }      .c-w img {         width: 24px;         margin-right: 12px;     }      .c-w p {         font: 18px\/30px Poppins;         text-align: center;         color: #fff;         margin: 0;     }      @media (max-width:444px) {         .c-w a {             padding: 4px 12px;         }          .c-w img {             width: 24px;             margin-right: 8px;         }          .c-w p {             font: 14px\/25px Poppins;         }     }      @media (max-width:335px) {         .c-w p {             font: 13px\/25px Poppins;         }     }  <div class=\"c-w\"> <a href=\"https:\/\/www.whatsapp.com\/channel\/0029Va633PF9WtC4l7XUzh1e\" rel=\"nofollow\" target=\"_blank\">         <img decoding=\"async\" src=\"https:\/\/cadenaser.com\/estaticos\/recursosgraficos\/responsive\/img\/ico-whatsapp.svg\" alt=\"Whatsapp\">         <p>\u00danete al <b>canal de WhatsApp<\/b> de la SER<\/p>     <\/a> <\/div><\/p>   <p><b>Radio Benidorm-SER, con los chicos a Superliga<\/b><\/p>   <p>Por su parte, el equipo masculino del Club Voleibol Playas de Benidorm viaja este fin de semana hasta Almendralejo en el que es, sin duda, el desplazamiento m\u00e1s inc\u00f3modo de todo el a\u00f1o.<\/p>   <p>Sin nada en juego para ellos, los chicos de Adriano Lamb afrontan este choque como un mero (e inc\u00f3modo) tr\u00e1mite en el que el entrenador benidormense dar\u00e1 minutos a los menos habituales pensando en reservar a sus mejores efectivos de cara a la gran cita que espera en Legan\u00e9s del 24 al 27 de abril.<\/p>   <p>Una cita para la que SER Deportivos Marina Baixa ha iniciado ya una programaci\u00f3n especial que, en un primer momento, se ir\u00e1 desarrollando cada jueves con la presencia en el estudio de los miembros de la plantilla y del cuerpo t\u00e9cnico para ir analizando su progresi\u00f3n de cara los partidos clave de todo el a\u00f1o.<\/p>   <p>Adem\u00e1s, Radio Benidorm-SER, medio oficial del Club Voleibol Playas de Benidorm, desplazar\u00e1 a Legan\u00e9s a su equipo humano para emitir desde la localidad madrile\u00f1a una programaci\u00f3n especial, cuyos detalles se ir\u00e1n desvelando pr\u00f3ximamente, con la ilusi\u00f3n compartida de ser testigos y altavoces de la gran fiesta del ascenso benidormense.<\/p> ","protected":false},"excerpt":{"rendered":"<p>Radio Benidorm-SER prepara una programaci\u00f3n especial para acompa\u00f1ar al Servigroup Playas de Benidorm a la Superliga<\/p>\n","protected":false},"author":0,"featured_media":13681,"comment_status":"open","ping_status":"open","sticky":false,"template":"","format":"standard","meta":{"_acf_changed":false,"footnotes":""},"categories":[1],"tags":[],"class_list":["post-13680","post","type-post","status-publish","format-standard","has-post-thumbnail","hentry","category-sin-categoria"],"acf":{"ser_id":"2322W6KXBVAIVOLHVCUFRW4KVY","ser_url":"https:\/\/cadenaser.com\/comunitat-valenciana\/2025\/03\/28\/ser-deportivos-marina-baixa-se-vuelca-con-el-voley-de-benidorm-y-la-fase-de-ascenso-de-los-chicos-radio-benidorm\/"},"_links":{"self":[{"href":"https:\/\/serbenidorm.daliisolutions.com\/index.php\/wp-json\/wp\/v2\/posts\/13680","targetHints":{"allow":["GET"]}}],"collection":[{"href":"https:\/\/serbenidorm.daliisolutions.com\/index.php\/wp-json\/wp\/v2\/posts"}],"about":[{"href":"https:\/\/serbenidorm.daliisolutions.com\/index.php\/wp-json\/wp\/v2\/types\/post"}],"replies":[{"embeddable":true,"href":"https:\/\/serbenidorm.daliisolutions.com\/index.php\/wp-json\/wp\/v2\/comments?post=13680"}],"version-history":[{"count":0,"href":"https:\/\/serbenidorm.daliisolutions.com\/index.php\/wp-json\/wp\/v2\/posts\/13680\/revisions"}],"wp:featuredmedia":[{"embeddable":true,"href":"https:\/\/serbenidorm.daliisolutions.com\/index.php\/wp-json\/wp\/v2\/media\/13681"}],"wp:attachment":[{"href":"https:\/\/serbenidorm.daliisolutions.com\/index.php\/wp-json\/wp\/v2\/media?parent=13680"}],"wp:term":[{"taxonomy":"category","embeddable":true,"href":"https:\/\/serbenidorm.daliisolutions.com\/index.php\/wp-json\/wp\/v2\/categories?post=13680"},{"taxonomy":"post_tag","embeddable":true,"href":"https:\/\/serbenidorm.daliisolutions.com\/index.php\/wp-json\/wp\/v2\/tags?post=13680"}],"curies":[{"name":"wp","href":"https:\/\/api.w.org\/{rel}","templated":true}]}}