{"id":13689,"date":"2025-03-28T19:18:02","date_gmt":"2025-03-28T18:18:02","guid":{"rendered":"https:\/\/serbenidorm.daliisolutions.com\/index.php\/2025\/03\/28\/novedades-importantes-en-el-trafico-del-albir-y-altea-a-partir-del-lunes\/"},"modified":"2025-03-28T19:18:02","modified_gmt":"2025-03-28T18:18:02","slug":"novedades-importantes-en-el-trafico-del-albir-y-altea-a-partir-del-lunes","status":"publish","type":"post","link":"https:\/\/serbenidorm.daliisolutions.com\/index.php\/2025\/03\/28\/novedades-importantes-en-el-trafico-del-albir-y-altea-a-partir-del-lunes\/","title":{"rendered":"Novedades importantes en el tr\u00e1fico del Albir y Altea a partir del lunes"},"content":{"rendered":"  <p><div data-adtype=\"MLDB\"><\/div><\/p>   <p>L&#8217;Alf\u00e0s &#8211; Altea<\/p>   <p>El comienzo de la semana en la Marina Baixa va a llegar en esta ocasi\u00f3n con varias obras que pueden alterar nuestras rutinas m\u00e1s all\u00e1 del cambio de hora. Se trata de dos intervenciones que van a afectar al tr\u00e1fico en el Cam\u00ed Vell de Altea, principal vial de acceso a l&#8217;Albir, y a la N-332 a su paso por Altea.<\/p>   <p>En el caso de los primeros trabajos el concejal de Urbanismo de l&#8217;Alf\u00e0s del Pi, Toni Such, ha advertido del riesgo de retenciones en horas punta como la de llegada a los puestos de trabajo y centros educativos y ha pedido que se busquen alternativas de acceso y salida a la zona de la playa: \u00abPasar\u00e1 a haber un s\u00f3lo carril de circulaci\u00f3n en una de las principales v\u00edas de acceso a l&#8217;Albir, con motivo del inicio de las <a href=\"https:\/\/cadenaser.com\/tag\/lalfas_del_pi\/a\/\" target=\"_blank\">obras de remodelaci\u00f3n del Cam\u00ed Vell d&#8217;Altea, carretera CV-753<\/a>\u00ab.<\/p>  <p><p>M\u00e1s informaci\u00f3n<\/p><figure><img loading=\"lazy\" decoding=\"async\" src=\"https:\/\/cadenaser.com\/resizer\/v2\/K4Z67UTM2VCG7B3QUAMZIXTGWY.jpg?auth=c3dac7b489197000f9bb098a367098e666329e46fca6cb2614e592697f482f6a&amp;quality=70&amp;width=360&amp;height=202&amp;smart=true\" width=\"820\" height=\"621\" \/><\/figure><ul><li><a href=\"https:\/\/cadenaser.com\/comunitat-valenciana\/2025\/03\/27\/la-policia-local-de-benidorm-y-los-inspectores-municipales-seran-los-encargados-de-controlar-los-pisos-turisticos-en-la-ciudad-radio-benidorm\/\"><span>La Polic\u00eda Local de Benidorm y los inspectores municipales ser\u00e1n los encargados de controlar los pisos tur\u00edsticos en la ciudad<\/span><\/a><\/li><\/ul><\/p>   <p>El plazo inicial de las obras es de seis meses y \u00abse ejecutan con el objetivo de fomentar la movilidad sostenible y segura, generando un gran eje de movilidad tur\u00edstico entre Benidorm &#8211; l\u2019Alf\u00e0s &#8211; Altea, enlazando los carriles bici de las tres poblaciones\u00bb.<\/p>   <p>N-332<\/p>   <p>El pr\u00f3ximo domingo por la noche tambi\u00e9n dar\u00e1 inicio la ejecuci\u00f3n del plan de asfaltado del centro urbano y las partidas rurales de Altea. Seg\u00fan los detalles aportados por  la edil de Infraestructuras Aurora Serrat \u00abarrancar\u00e1 con la <a href=\"https:\/\/cadenaser.com\/tag\/altea\/a\/\" target=\"_blank\">instalaci\u00f3n de nuevos reductores de velocidad, badenes, en la N-332<\/a>. Una medida fundamental para mejorar la seguridad vial en esta v\u00eda tan transitada. Para minimizar las molestias a los conductores y garantizar el correcto desarrollo de los trabajos, esta primera fase se llevar\u00e1 a cabo en horario nocturno, evitando as\u00ed afectar al tr\u00e1fico durante el d\u00eda. De 21h a 0:6h, primeramente durante tres d\u00edas\u00bb.<\/p>   <p>Conforme avance el proyecto, las actuaciones se ir\u00e1n extendiendo a otras zonas del municipio, tanto en el casco urbano como en las partidas rurales, \u00abdonde tambi\u00e9n es esencial garantizar buenos accesos\u00bb, ha a\u00f1adido Serrat.<\/p>   <p>     .c-w {         max-width: 662px;         width: 100%;         margin:12px 0 24px auto;         background: #00755E;         border-radius: 99px;         display: flex;         align-items: center;         justify-content: center;     }     .c-w:hover {         background-color:#6CB3A5;     }      .c-w a {         display: flex;         align-items: center;         justify-content: center;         padding: 6px 0;         width:100%;     }      .c-w img {         width: 24px;         margin-right: 12px;     }      .c-w p {         font: 18px\/30px Poppins;         text-align: center;         color: #fff;         margin: 0;     }      @media (max-width:444px) {         .c-w a {             padding: 4px 12px;         }          .c-w img {             width: 24px;             margin-right: 8px;         }          .c-w p {             font: 14px\/25px Poppins;         }     }      @media (max-width:335px) {         .c-w p {             font: 13px\/25px Poppins;         }     }  <div class=\"c-w\"> <a href=\"https:\/\/www.whatsapp.com\/channel\/0029Va633PF9WtC4l7XUzh1e\" rel=\"nofollow\" target=\"_blank\">         <img decoding=\"async\" src=\"https:\/\/cadenaser.com\/estaticos\/recursosgraficos\/responsive\/img\/ico-whatsapp.svg\" alt=\"Whatsapp\">         <p>\u00danete al <b>canal de WhatsApp<\/b> de la SER<\/p>     <\/a> <\/div><\/p> ","protected":false},"excerpt":{"rendered":"<p>Por obras en el Cam\u00ed Vell de Altea y la carretera nacional 332<\/p>\n","protected":false},"author":0,"featured_media":13690,"comment_status":"open","ping_status":"open","sticky":false,"template":"","format":"standard","meta":{"_acf_changed":false,"footnotes":""},"categories":[1],"tags":[],"class_list":["post-13689","post","type-post","status-publish","format-standard","has-post-thumbnail","hentry","category-sin-categoria"],"acf":{"ser_id":"X7BGZ3BSMZA2TGKUPWI3NJLG54","ser_url":"https:\/\/cadenaser.com\/comunitat-valenciana\/2025\/03\/28\/novedades-importantes-en-el-trafico-del-albir-y-altea-a-partir-del-lunes-radio-benidorm\/"},"_links":{"self":[{"href":"https:\/\/serbenidorm.daliisolutions.com\/index.php\/wp-json\/wp\/v2\/posts\/13689","targetHints":{"allow":["GET"]}}],"collection":[{"href":"https:\/\/serbenidorm.daliisolutions.com\/index.php\/wp-json\/wp\/v2\/posts"}],"about":[{"href":"https:\/\/serbenidorm.daliisolutions.com\/index.php\/wp-json\/wp\/v2\/types\/post"}],"replies":[{"embeddable":true,"href":"https:\/\/serbenidorm.daliisolutions.com\/index.php\/wp-json\/wp\/v2\/comments?post=13689"}],"version-history":[{"count":0,"href":"https:\/\/serbenidorm.daliisolutions.com\/index.php\/wp-json\/wp\/v2\/posts\/13689\/revisions"}],"wp:featuredmedia":[{"embeddable":true,"href":"https:\/\/serbenidorm.daliisolutions.com\/index.php\/wp-json\/wp\/v2\/media\/13690"}],"wp:attachment":[{"href":"https:\/\/serbenidorm.daliisolutions.com\/index.php\/wp-json\/wp\/v2\/media?parent=13689"}],"wp:term":[{"taxonomy":"category","embeddable":true,"href":"https:\/\/serbenidorm.daliisolutions.com\/index.php\/wp-json\/wp\/v2\/categories?post=13689"},{"taxonomy":"post_tag","embeddable":true,"href":"https:\/\/serbenidorm.daliisolutions.com\/index.php\/wp-json\/wp\/v2\/tags?post=13689"}],"curies":[{"name":"wp","href":"https:\/\/api.w.org\/{rel}","templated":true}]}}