{"id":13691,"date":"2025-03-28T19:18:04","date_gmt":"2025-03-28T18:18:04","guid":{"rendered":"https:\/\/serbenidorm.daliisolutions.com\/index.php\/2025\/03\/28\/toda-la-programacion-del-skyline-benidorm-film-festival\/"},"modified":"2025-03-28T19:18:04","modified_gmt":"2025-03-28T18:18:04","slug":"toda-la-programacion-del-skyline-benidorm-film-festival","status":"publish","type":"post","link":"https:\/\/serbenidorm.daliisolutions.com\/index.php\/2025\/03\/28\/toda-la-programacion-del-skyline-benidorm-film-festival\/","title":{"rendered":"Toda la programaci\u00f3n del Skyline Benidorm Film Festival"},"content":{"rendered":"  <p><div data-adtype=\"MLDB\"><\/div><\/p>   <p>Benidorm<\/p>   <p>Arranca ma\u00f1ana s\u00e1bado la novena edici\u00f3n del Skyline Benidorm Film Festival que se consolida como un referente internacional en el circuito del festivales que apuestan por el buen cine en formato corto. Este a\u00f1o con la participaci\u00f3n abierta a trabajos internacionales, no solo europeos, sino de cualquier parte del mundo. <\/p>   <p>La directora del certamen,<a href=\"https:\/\/cadenaser.com\/comunitat-valenciana\/2024\/12\/18\/el-skyline-benidorm-film-festival-recibe-810-cortos-para-su-ix-edicion-con-imagen-disenada-por-carlos-corredera-radio-benidorm\/\" target=\"_blank\" rel=\"nofollow\" title=\"https:\/\/cadenaser.com\/comunitat-valenciana\/2024\/12\/18\/el-skyline-benidorm-film-festival-recibe-810-cortos-para-su-ix-edicion-con-imagen-disenada-por-carlos-corredera-radio-benidorm\/\"> Beatriz Hern\u00e1ndez<\/a>, ha estado en <a href=\"https:\/\/radiobenidorm.es\" target=\"_blank\" rel=\"nofollow\" title=\"https:\/\/radiobenidorm.es\">Hoy por Hoy Benidorm <\/a>para detallar toda la programaci\u00f3n de un festival que abre las puertas al cine, de forma gratuita, a toda la ciudadan\u00eda. \u201cLas entradas a las proyecciones o a las galas son gratuitas aunque, por cuestiones de espacio hay que reservar esta entrada a trav\u00e9s de la web del festival\u201d, indica. <\/p>   <p>Porgramaci\u00f3n:<\/p>   <p>S\u00e1bado 29 de marzo, 2025<\/p>   <p>19.00h Inauguraci\u00f3n 9 Skyline Benidorm Film Festival. Centro Cultural de Benidorm (c\/Ja\u00e9n 3). A cargo de Marta Casielles y Ana Conca, amenizada por la pianista Aroa Blanco. Entrega del Premio Skyliner 2025. Proyecci\u00f3n del cortometraje \u201c(no)Body\u201d de Sonia Bautista-Alarc\u00f3n. Contaremos con la presencia del elenco y parte del equipo t\u00e9cnico.<\/p>   <p>Domingo 30 de marzo, 2025<\/p>   <p>     .c-w {         max-width: 662px;         width: 100%;         margin:12px 0 24px auto;         background: #00755E;         border-radius: 99px;         display: flex;         align-items: center;         justify-content: center;     }     .c-w:hover {         background-color:#6CB3A5;     }      .c-w a {         display: flex;         align-items: center;         justify-content: center;         padding: 6px 0;         width:100%;     }      .c-w img {         width: 24px;         margin-right: 12px;     }      .c-w p {         font: 18px\/30px Poppins;         text-align: center;         color: #fff;         margin: 0;     }      @media (max-width:444px) {         .c-w a {             padding: 4px 12px;         }          .c-w img {             width: 24px;             margin-right: 8px;         }          .c-w p {             font: 14px\/25px Poppins;         }     }      @media (max-width:335px) {         .c-w p {             font: 13px\/25px Poppins;         }     }  <div class=\"c-w\"> <a href=\"https:\/\/www.whatsapp.com\/channel\/0029Va633PF9WtC4l7XUzh1e\" rel=\"nofollow\" target=\"_blank\">         <img decoding=\"async\" src=\"https:\/\/cadenaser.com\/estaticos\/recursosgraficos\/responsive\/img\/ico-whatsapp.svg\" alt=\"Whatsapp\">         <p>\u00danete al <b>canal de WhatsApp<\/b> de la SER<\/p>     <\/a> <\/div><\/p>   <p>12.00h Charla y Verm\u00fa con \u201cLas Entendidas\u201d. Sky Bar Hotel Bali (c\/ del actor Lu\u00eds Prendes 4)<\/p>   <p>18.00h En ocasiones veo largos. Auditorio Fundaci\u00f3n Mediterr\u00e1neo (c\/Alameda, 17). Proyecci\u00f3n \u201cPeque\u00f1os Calvarios\u201d de Javier Polo. Contaremos con la presencia del elenco y parte del equipo t\u00e9cnico.<\/p>   <p>18.00h. Skyline en Jal\u00f3n. Sal\u00f3 d&#8217;actes de l&#8217;Ajuntament de Xal\u00f3 (Carrer Esgl\u00e9sia n\u00b0 27). Proyecci\u00f3n especial de los cortometrajes ganadores de la octava edici\u00f3n del festival. <\/p>   <p>Lunes 31 de marzo, 2025<\/p>   <p>11.00h Cortometrajes Secci\u00f3n J\u00f3venes Realizadores + proyecci\u00f3n teaser ganador UMH. Auditorio Fundaci\u00f3n Mediterr\u00e1neo (c\/Alameda, 17).<\/p>   <p>18.00h Proyecci\u00f3n Cortometrajes Secci\u00f3n Iberoamericana. Auditorio Fundaci\u00f3n Mediterr\u00e1neo.<\/p>   <p>20.00h. Proyecci\u00f3n Cortometrajes Secci\u00f3n Internacional. Auditorio Fundaci\u00f3n Mediterr\u00e1neo.<\/p>   <p>Martes 1 de abril, 2025. JORNADA PA\u00cdS INVITADO: CUBA<\/p>   <p>10.30h Presentaci\u00f3n Jornadas Cuba pa\u00eds invitado. Auditorio Fundaci\u00f3n Mediterr\u00e1neo. Con Susana Molina, Yolanda Barrasa y Jaime Rosales.<\/p>   <p>11.00h Proyecci\u00f3n antolog\u00eda cortometrajes cubanos EICTV. Auditorio Fundaci\u00f3n Mediterr\u00e1neo.<\/p>   <p>16.00h Masterclass de guion. Hotel Benidorm Plaza. Sal\u00f3n Tardor (c\/Emilio Ortu\u00f1o 18). Dramaturgia corta. A cargo de Yolanda Barrasa.<\/p>   <p>21.30h El Cine que suena. Open Bar Dynastic. Hotel Dynastic (Av. Ametlla de Mar, 15). Proyecci\u00f3n especial de cortometrajes mudos de la filmoteca valenciana con piano en directo, a cargo de Aroa Blanco.<\/p>   <p>Mi\u00e9rcoles 2 de abril, 2025. PRISMA. Jornadas de industria<\/p>   <p>10.00h \u2013 11.30h Shortpitch. Hotel Benidorm Plaza. Sal\u00f3n Tardor (c\/Emilio Ortu\u00f1o, 18). Exposici\u00f3n de los 10 proyectos finalistas ante el jurado.<\/p>   <p>12.00h Dirigiendo el Cambio: Liderazgo en Festivales de Cine. Hotel Benidorm Plaza. Sal\u00f3n Tardor. Contaremos con la presencia de: Helher Escribano (Ibicine), Carlos Madrid (Cinemajove), Mar\u00eda Ju\u00e1rez (Directed by Women), Beatriz Hern\u00e1ndez (Skyline Festival).<\/p>   <p>13.00h a 14.30h. PRISMA Encounters. Hotel Benidorm Plaza. Sal\u00f3n Tardor.<\/p>   <p>18.00h Entrega del premio al mejor Shortpitch y proyecci\u00f3n cortometrajes Secci\u00f3n Oficial Nacional (Sesi\u00f3n 1) Auditorio Fundaci\u00f3n Mediterr\u00e1neo. Con posterior coloquio de los directores\/as.<\/p>   <p>20.00h. Proyecci\u00f3n Cortometrajes Secci\u00f3n Oficial Nacional (Sesi\u00f3n 2). Auditorio Fundaci\u00f3n Mediterr\u00e1neo. Con posterior coloquio de los directores\/as.<\/p>   <p>Jueves 3 de abril, 2025. PRISMA. Jornadas de industria<\/p>   <p>10.00h \u2013 11.30h Encuentro programadores internaciones. Hotel Benidorm Plaza. Sal\u00f3n Tardor. Contaremos con la presencia de: Miguel Dias (Curtas Vila do Conde), Diane Malherbe (Clermont-Ferrand), Pedro Toro (Alcine).<\/p>   <p>12.00h. PRISMA Encounters. Hotel Benidorm Plaza. Sal\u00f3n Tardor.<\/p>   <p>18.00h Proyecci\u00f3n Cortometrajes Secci\u00f3n Oficial Nacional (Sesi\u00f3n 3). Auditorio Fundaci\u00f3n Mediterr\u00e1neo. Con coloquio de los directores\/as.<\/p>   <p>20.00h Proyecci\u00f3n Cortometrajes Secci\u00f3n Oficial Nacional (Sesi\u00f3n 4). Auditorio Fundaci\u00f3n Mediterr\u00e1neo. Con coloquio de los directores\/as.<\/p>   <p>Viernes 4 de abril, 2025. PRISMA. Jornadas de industria<\/p>   <p>10.00h \u2013 11.30h Financiaci\u00f3n de cortometrajes. Hotel Benidorm Plaza. Sal\u00f3n Tardor (c\/Emilio Ortu\u00f1o, 18). Como introducir el modelo de co-producci\u00f3n entre pa\u00edses. Participantes: Enrique Lavigne, Pilar Sancho, Rafael S\u00e1nchez y Sandra Cervera.<\/p>   <p>12.00h Di\u00e1logo \u201cDel corto al largo. Casos de \u00e9xito\u201d. Hotel Benidorm Plaza. Sal\u00f3n Tardor. Participan: Marta Nieto, Virginia Yag\u00fce y Nach Sol\u00eds.<\/p>   <p>18.00h Proyecci\u00f3n Cortometrajes Secci\u00f3n Oficial Nacional (Sesi\u00f3n 5). Auditorio Fundaci\u00f3n Mediterr\u00e1neo <\/p>   <p>20.00h. Proyecci\u00f3n Cortometrajes Secci\u00f3n Oficial Nacional (Sesi\u00f3n 6). Auditorio Fundaci\u00f3n Mediterr\u00e1neo. Con coloquio de los directores\/as.<\/p>   <p>S\u00e1bado 5 de abril, 2025.<\/p>   <p>19.00h Acto de clausura del festival y entrega de premios. Centro Cultural de Benidorm. Se entregar\u00e1n los premios de esta 9 Edici\u00f3n Skyline Benidorm Film Festival. <\/p>   <p> <\/p>   <p> <\/p> ","protected":false},"excerpt":{"rendered":"<p>Del 29 de marzo al 5 de abril, buen cine en formato corto<\/p>\n","protected":false},"author":0,"featured_media":13692,"comment_status":"open","ping_status":"open","sticky":false,"template":"","format":"standard","meta":{"_acf_changed":false,"footnotes":""},"categories":[1],"tags":[],"class_list":["post-13691","post","type-post","status-publish","format-standard","has-post-thumbnail","hentry","category-sin-categoria"],"acf":{"ser_id":"WSVTAOH5O5FDXPFWRMPOMRZBYU","ser_url":"https:\/\/cadenaser.com\/comunitat-valenciana\/2025\/03\/28\/toda-la-programacion-del-skyline-benidorm-film-festival-radio-benidorm\/"},"_links":{"self":[{"href":"https:\/\/serbenidorm.daliisolutions.com\/index.php\/wp-json\/wp\/v2\/posts\/13691","targetHints":{"allow":["GET"]}}],"collection":[{"href":"https:\/\/serbenidorm.daliisolutions.com\/index.php\/wp-json\/wp\/v2\/posts"}],"about":[{"href":"https:\/\/serbenidorm.daliisolutions.com\/index.php\/wp-json\/wp\/v2\/types\/post"}],"replies":[{"embeddable":true,"href":"https:\/\/serbenidorm.daliisolutions.com\/index.php\/wp-json\/wp\/v2\/comments?post=13691"}],"version-history":[{"count":0,"href":"https:\/\/serbenidorm.daliisolutions.com\/index.php\/wp-json\/wp\/v2\/posts\/13691\/revisions"}],"wp:featuredmedia":[{"embeddable":true,"href":"https:\/\/serbenidorm.daliisolutions.com\/index.php\/wp-json\/wp\/v2\/media\/13692"}],"wp:attachment":[{"href":"https:\/\/serbenidorm.daliisolutions.com\/index.php\/wp-json\/wp\/v2\/media?parent=13691"}],"wp:term":[{"taxonomy":"category","embeddable":true,"href":"https:\/\/serbenidorm.daliisolutions.com\/index.php\/wp-json\/wp\/v2\/categories?post=13691"},{"taxonomy":"post_tag","embeddable":true,"href":"https:\/\/serbenidorm.daliisolutions.com\/index.php\/wp-json\/wp\/v2\/tags?post=13691"}],"curies":[{"name":"wp","href":"https:\/\/api.w.org\/{rel}","templated":true}]}}