{"id":1370,"date":"2024-01-15T14:47:21","date_gmt":"2024-01-15T13:47:21","guid":{"rendered":"https:\/\/serbenidorm.daliisolutions.com\/index.php\/2024\/01\/15\/estabilizado-el-incendio-forestal-que-ha-obligado-a-cortar-al-trafico-la-cv-70-en-confrides\/"},"modified":"2024-01-15T14:47:21","modified_gmt":"2024-01-15T13:47:21","slug":"estabilizado-el-incendio-forestal-que-ha-obligado-a-cortar-al-trafico-la-cv-70-en-confrides","status":"publish","type":"post","link":"https:\/\/serbenidorm.daliisolutions.com\/index.php\/2024\/01\/15\/estabilizado-el-incendio-forestal-que-ha-obligado-a-cortar-al-trafico-la-cv-70-en-confrides\/","title":{"rendered":"Estabilizado el incendio forestal que ha obligado a cortar al tr\u00e1fico la CV-70 en Confrides"},"content":{"rendered":"  <p>Confrides<\/p>   <p>El incendio forestal que se declaraba en la noche del domingo en Confrides ha sido dado por estabilizado a las 8 de esta ma\u00f1ana seg\u00fan fuentes del <a href=\"https:\/\/cadenaser.com\/comunitat-valenciana\/2024\/01\/06\/cortadas-todas-las-comunicaciones-entre-las-dos-marinas-por-un-incendio-en-altea-radio-benidorm\/\" target=\"_blank\" rel=\"noopener\">Consorcio Provincial de Bomberos de Alicante.<\/a><\/p>   <p>El fuego se declaraba a las 23:57 horas en la CV-70, concretamente entre los kil\u00f3metros 2 y 3 en t\u00e9rmino de Confrides.<\/p>   <p>El <a href=\"https:\/\/cadenaser.com\/comunitat-valenciana\/2023\/01\/11\/extinguido-el-incendio-de-confrides-tras-mas-de-20-horas-activo-radio-benidorm\/\" target=\"_blank\" rel=\"noopener\">incendio forestal <\/a>se localizaba en una vaguada y se expand\u00eda con rapidez por una zona de pinadas obligando a Tr\u00e1fico a cortar la circulaci\u00f3n de veh\u00edculos en este tramo de la CV-70.<\/p>   <p>Trabajan en las tareas de extinci\u00f3n una unidad mando jefatura, dos bombas forestales pesada, una bomba nodriza ligera, cuatro bombas rurales pesadas, una bomba urbana ligera, un sargento, cinco cabos y veinte bomberos de los parques de Cocentaina, Ibi, Benidorm, Villena y San Vicente. Tambi\u00e9n cuatro unidades de bomberos forestales. Adem\u00e1s, con la salida del sol, han sido movilizados dos medios a\u00e9reos.<\/p>   <p>Por el momento la intervenci\u00f3n sigue en curso y no ha habido que lamentar heridos.<\/p> ","protected":false},"excerpt":{"rendered":"<p>La intervenci\u00f3n sigue en curso y trabajan en ella bomberos de Benidorm, Cocentaina, Ibi, Villena y San Vicente<\/p>\n","protected":false},"author":0,"featured_media":1371,"comment_status":"open","ping_status":"open","sticky":false,"template":"","format":"standard","meta":{"_acf_changed":false,"footnotes":""},"categories":[1],"tags":[],"class_list":["post-1370","post","type-post","status-publish","format-standard","has-post-thumbnail","hentry","category-sin-categoria"],"acf":{"ser_id":"24QXIOUSIFDXFJA3AOBCOGG6RM","ser_url":"https:\/\/cadenaser.com\/comunitat-valenciana\/2024\/01\/15\/estabilizado-el-incendio-forestal-que-ha-obligado-a-cortar-al-trafico-la-cv-70-en-confrides-radio-benidorm\/"},"_links":{"self":[{"href":"https:\/\/serbenidorm.daliisolutions.com\/index.php\/wp-json\/wp\/v2\/posts\/1370","targetHints":{"allow":["GET"]}}],"collection":[{"href":"https:\/\/serbenidorm.daliisolutions.com\/index.php\/wp-json\/wp\/v2\/posts"}],"about":[{"href":"https:\/\/serbenidorm.daliisolutions.com\/index.php\/wp-json\/wp\/v2\/types\/post"}],"replies":[{"embeddable":true,"href":"https:\/\/serbenidorm.daliisolutions.com\/index.php\/wp-json\/wp\/v2\/comments?post=1370"}],"version-history":[{"count":0,"href":"https:\/\/serbenidorm.daliisolutions.com\/index.php\/wp-json\/wp\/v2\/posts\/1370\/revisions"}],"wp:featuredmedia":[{"embeddable":true,"href":"https:\/\/serbenidorm.daliisolutions.com\/index.php\/wp-json\/wp\/v2\/media\/1371"}],"wp:attachment":[{"href":"https:\/\/serbenidorm.daliisolutions.com\/index.php\/wp-json\/wp\/v2\/media?parent=1370"}],"wp:term":[{"taxonomy":"category","embeddable":true,"href":"https:\/\/serbenidorm.daliisolutions.com\/index.php\/wp-json\/wp\/v2\/categories?post=1370"},{"taxonomy":"post_tag","embeddable":true,"href":"https:\/\/serbenidorm.daliisolutions.com\/index.php\/wp-json\/wp\/v2\/tags?post=1370"}],"curies":[{"name":"wp","href":"https:\/\/api.w.org\/{rel}","templated":true}]}}