{"id":1372,"date":"2024-01-15T14:47:22","date_gmt":"2024-01-15T13:47:22","guid":{"rendered":"https:\/\/serbenidorm.daliisolutions.com\/index.php\/2024\/01\/15\/valentina-almodobar-y-laia-zamora-nuevas-reinas-de-les-festes-majors-patronals-de-benidorm\/"},"modified":"2024-01-15T14:47:22","modified_gmt":"2024-01-15T13:47:22","slug":"valentina-almodobar-y-laia-zamora-nuevas-reinas-de-les-festes-majors-patronals-de-benidorm","status":"publish","type":"post","link":"https:\/\/serbenidorm.daliisolutions.com\/index.php\/2024\/01\/15\/valentina-almodobar-y-laia-zamora-nuevas-reinas-de-les-festes-majors-patronals-de-benidorm\/","title":{"rendered":"Valentina Almod\u00f3bar y Laia Zamora, nuevas Reinas de les Festes Majors Patronals de Benidorm"},"content":{"rendered":"  <p>Benidorm<\/p>   <p>Desde este domingo por la ma\u00f1ana, la joven Valentina Almod\u00f3bar Climent y la ni\u00f1a Laia Zamora Pic\u00f3 son oficialmente las nuevas Reinas de las Festes Majors Patronals de Benidorm para este a\u00f1o 2024. Valentina y Laia sustituyen <a href=\"https:\/\/cadenaser.com\/comunitat-valenciana\/2023\/01\/17\/las-reinas-angelica-morenilla-y-daniela-talavera-visitan-radio-benidorm-radio-benidorm\/\" target=\"_blank\" rel=\"noopener\">a Ang\u00e9lica Morenilla y Daniela Talavera<\/a> como Reinas Mayor e Infantil respectivamente.<\/p>   <p>El acto de Elecci\u00f3n y Coronaci\u00f3n de Reinas se celebraba este domingo por la ma\u00f1ana en la sala de fiestas Benidorm Palace con la presencia de m\u00e1s de 1.200 personas, entre autoridades, familiares y representantes de las <a href=\"https:\/\/cadenaser.com\/comunitat-valenciana\/2023\/11\/11\/benidorm-en-festes-las-imagenes-del-dia-radio-benidorm\/\" target=\"_blank\" rel=\"noopener\">distintas comisiones festeras y culturales de Benidorm.<\/a><\/p>   <p>El alcalde de Benidorm, Toni P\u00e9rez, ha presidido el evento junto a la presidenta de la <a href=\"https:\/\/cadenaser.com\/comunitat-valenciana\/2023\/11\/10\/benidorm-en-festes-consulta-la-programacion-y-escucha-todos-los-sonidos-radio-benidorm\/\" target=\"_blank\" rel=\"noopener\">Comissi\u00f3 de Festes Majors Patronals <\/a>2024, Mar\u00eda Dolores Cano, y el presidente a perpetuidad de esta comisi\u00f3n, Francisco Llorens Orts, \u00abPaco Rosera\u00bb.<\/p>  <p><figure><img decoding=\"async\" src=\"https:\/\/cadenaser.com\/resizer\/KVDnLBTWVmsS7wa3p6NT82AjPeo=\/650x366\/filters:quality(70)\/cloudfront-eu-central-1.images.arcpublishing.com\/prisaradio\/QKOBBIGN2VFV3AWLXMV2G5Y42Y.jpg\" loading=\"lazy\" width=\"650\" height=\"366\" \/><figcaption class=\"fc\"><p><span>David Revenga<\/span><\/p><\/figcaption><\/figure><button>Ampliar<\/button><\/p>   <p>Ese a\u00f1o la <a href=\"https:\/\/cadenaser.com\/emisora\/2022\/01\/21\/radio_benidorm\/1642783441_546343.html\" target=\"_blank\" rel=\"noopener\">Comisi\u00f3n de Fiestas Mayores Patronales <\/a>decidi\u00f3 unificar en un mismo acto la elecci\u00f3n y coronaci\u00f3n de las reinas, en lugar de celebrar dos galas distintas. Por ello, adem\u00e1s del nombramiento de las dos Reinas que toman el relevo al frente de la Fiesta, tambi\u00e9n se ha llevado a cabo la imposici\u00f3n de las bandas a las ni\u00f1as y j\u00f3venes que conformar\u00e1n las Cortes de Honor de 2024.<\/p>   <p>La Corte de Honor infantil de las fiestas 2024 las conforman las ni\u00f1as: Paula Agull\u00f3 Riquelme, Mar\u00eda Iborra Garc\u00eda, Nerea Mart\u00edn Ruiz, Carla Morag\u00f3n Bruna, Sara Rosado Mesa, Elena Sierra Grau, J\u00falia Solbes de la Barrera, Yaiza Soler Megido y Mar Such Molina.<\/p>   <p>La Corte de Honor mayor de las fiestas 2024 est\u00e1 compuesta por las se\u00f1oritas: Claudia Acosta Buitrago, Marta \u00c1lvarez S\u00e1nchez, Marina Berna Fenoll, Sof\u00eda Calzada Esteve, Mireia Camacho Berenguer, Adriana Crespillo Busuioc, Daniela Ferrer Pascual, Laura Gallego Carrasco, J\u00falia G\u00f3mez Mart\u00ednez, Paula Gonz\u00e1lez de Z\u00e1rate Such, Marina Guijarro Correia, Mekbeb Luc\u00eda Hern\u00e1ndez Torrado, Ana Mart\u00ednez Barahona, Leyre Mart\u00ednez Bou, Ana Mart\u00ednez Llorca, Blanca Morant Ferrando, Mireia Moreno Soler, Claudia Mu\u00f1oz Mart\u00ednez, Aitana Orqu\u00edn L\u00e1zaro, Nuria Pina Llorca, Marta Quer Villatoro, Malena Sas Esteve, Paula Segarra S\u00e1nchez, Marina Vaquer Mas, Adriana Villalgordo Alacid y Mercedes Villena Jacinto.<\/p>   <p>Por su parte, el m\u00e9dico benidormense Eusebi Chiner, neum\u00f3logo y jefe del servicio de Neumolog\u00eda del Hospital de Sant Joan d\u2019Alacant y director de la Unidad Multidisciplinar de Sue\u00f1o del mismo hospital, ha actuado como mantenedor del acto. En su discurso ha repasado parte de la historia de Benidorm y algunas de las tradiciones m\u00e1s caracter\u00edsticas de les Festes Majors Patronals.<\/p> ","protected":false},"excerpt":{"rendered":"<p>1.200 personas arroparon a las nuevas reinas y damas en el acto de Elecci\u00f3n y Coronaci\u00f3n <\/p>\n","protected":false},"author":0,"featured_media":1373,"comment_status":"open","ping_status":"open","sticky":false,"template":"","format":"standard","meta":{"_acf_changed":false,"footnotes":""},"categories":[1],"tags":[],"class_list":["post-1372","post","type-post","status-publish","format-standard","has-post-thumbnail","hentry","category-sin-categoria"],"acf":{"ser_id":"TSRQH54PVZCO5G4WREN2JRK6II","ser_url":"https:\/\/cadenaser.com\/comunitat-valenciana\/2024\/01\/15\/valentina-almodobar-y-laia-zamora-nuevas-reinas-de-les-festes-majors-patronals-de-benidorm-radio-benidorm\/"},"_links":{"self":[{"href":"https:\/\/serbenidorm.daliisolutions.com\/index.php\/wp-json\/wp\/v2\/posts\/1372","targetHints":{"allow":["GET"]}}],"collection":[{"href":"https:\/\/serbenidorm.daliisolutions.com\/index.php\/wp-json\/wp\/v2\/posts"}],"about":[{"href":"https:\/\/serbenidorm.daliisolutions.com\/index.php\/wp-json\/wp\/v2\/types\/post"}],"replies":[{"embeddable":true,"href":"https:\/\/serbenidorm.daliisolutions.com\/index.php\/wp-json\/wp\/v2\/comments?post=1372"}],"version-history":[{"count":0,"href":"https:\/\/serbenidorm.daliisolutions.com\/index.php\/wp-json\/wp\/v2\/posts\/1372\/revisions"}],"wp:featuredmedia":[{"embeddable":true,"href":"https:\/\/serbenidorm.daliisolutions.com\/index.php\/wp-json\/wp\/v2\/media\/1373"}],"wp:attachment":[{"href":"https:\/\/serbenidorm.daliisolutions.com\/index.php\/wp-json\/wp\/v2\/media?parent=1372"}],"wp:term":[{"taxonomy":"category","embeddable":true,"href":"https:\/\/serbenidorm.daliisolutions.com\/index.php\/wp-json\/wp\/v2\/categories?post=1372"},{"taxonomy":"post_tag","embeddable":true,"href":"https:\/\/serbenidorm.daliisolutions.com\/index.php\/wp-json\/wp\/v2\/tags?post=1372"}],"curies":[{"name":"wp","href":"https:\/\/api.w.org\/{rel}","templated":true}]}}