{"id":13728,"date":"2025-03-30T13:02:46","date_gmt":"2025-03-30T11:02:46","guid":{"rendered":"https:\/\/serbenidorm.daliisolutions.com\/index.php\/2025\/03\/30\/la-superliga-2-de-voleibol-baja-el-telon-y-pone-rumbo-al-ascenso\/"},"modified":"2025-03-30T13:02:46","modified_gmt":"2025-03-30T11:02:46","slug":"la-superliga-2-de-voleibol-baja-el-telon-y-pone-rumbo-al-ascenso","status":"publish","type":"post","link":"https:\/\/serbenidorm.daliisolutions.com\/index.php\/2025\/03\/30\/la-superliga-2-de-voleibol-baja-el-telon-y-pone-rumbo-al-ascenso\/","title":{"rendered":"La Superliga 2 de voleibol baja el tel\u00f3n y pone rumbo al ascenso"},"content":{"rendered":"  <p><div data-adtype=\"MLDB\"><\/div><\/p>   <p>Benidorm<\/p>   <p>La Superliga 2 de voleibol, una de las \u00faltimas competiciones en ponerse en marcha el pasado oto\u00f1o, ha sido ahora la primera en llegar al punto y final de su fase regular. Se baja as\u00ed el tel\u00f3n de una temporada en la que los dos equipos femeninos de la Marina Baixa, el Servigroup Playas de Benidorm y el Medsur-Finestrat han estado, por muchas circunstancias, lejos de lo que inicialmente se esperaba de ellos y en la que el cuadro masculino de Benidorm ha logrado el pase a le pelea por el ascenso, un reto que asumir\u00e1 en Legan\u00e9s del 24 al 27 de abril.<\/p>   <p>La \u00faltima fecha liguera en el \u00e1mbito femenino nos ha dejado la derrota del Servigroup Playas de Benidorm por 3-0 (25-19, 25-16 y 25-17) ante el Gu\u00eda y la victoria del Medsur-Finestrat por 3-1 (25-20, 25-18, 14-25 y 25-23) ante el Atarfe. Con ello, las benidormenses terminan la competici\u00f3n en la misma quinta posici\u00f3n de la clasificaci\u00f3n en la que arrancaban la jornada y las finestratenses mejoran de la octava a la s\u00e9ptima plaza final.<\/p>   <p><b>C.V. L\u2019Illa Grau, el sexto equipo<\/b><\/p>   <p>En el \u00e1mbito masculino no hab\u00eda absolutamente nada en juego para un Servigroup Playas de Benidorm que cerr\u00f3 la temporada con una nueva victoria, en este caso ante el Almendralejo de Extremadura, por 1-3 (24-26, 25-19, 21-25 y 27-29) para cerrar la fase regular con 20 victorias (19 de ellas de tres puntos y una de dos) y dos derrotas (s\u00f3lo una sin puntos).<\/p>   <p>Sin nada en juego en su grupo, buena parte de la atenci\u00f3n del Servigroup Playas de Benidorm estaba en el grupo B, donde faltaba por conocer el nombre del equipo que acudir\u00e1 a la fase de ascenso como segundo clasificado.<\/p>   <p>El Roquetes, verdugo de los benidormenses en la Copa, comenzaba la jornada ocupando esa posici\u00f3n con dos puntos de ventaja sobre Zaragoza y L\u2019Illa Grau y, por lo tanto, como gran favorito a hacerse con ese pasaporte.<\/p>   <p>     .c-w {         max-width: 662px;         width: 100%;         margin:12px 0 24px auto;         background: #00755E;         border-radius: 99px;         display: flex;         align-items: center;         justify-content: center;     }     .c-w:hover {         background-color:#6CB3A5;     }      .c-w a {         display: flex;         align-items: center;         justify-content: center;         padding: 6px 0;         width:100%;     }      .c-w img {         width: 24px;         margin-right: 12px;     }      .c-w p {         font: 18px\/30px Poppins;         text-align: center;         color: #fff;         margin: 0;     }      @media (max-width:444px) {         .c-w a {             padding: 4px 12px;         }          .c-w img {             width: 24px;             margin-right: 8px;         }          .c-w p {             font: 14px\/25px Poppins;         }     }      @media (max-width:335px) {         .c-w p {             font: 13px\/25px Poppins;         }     }  <div class=\"c-w\"> <a href=\"https:\/\/www.whatsapp.com\/channel\/0029Va633PF9WtC4l7XUzh1e\" rel=\"nofollow\" target=\"_blank\">         <img decoding=\"async\" src=\"https:\/\/cadenaser.com\/estaticos\/recursosgraficos\/responsive\/img\/ico-whatsapp.svg\" alt=\"Whatsapp\">         <p>\u00danete al <b>canal de WhatsApp<\/b> de la SER<\/p>     <\/a> <\/div><\/p>   <p>Sin embargo, el Nataci\u00f3 Sabadell, que no ten\u00eda absolutamente nada en juego, sorprendi\u00f3 y se impuso por 3-0 al Roquetes, dejando en manos de sus rivales directos su futuro en la fase de ascenso de Legan\u00e9s.<\/p>   <p>El Zaragoza, que se med\u00eda al Bar\u00e7a (campe\u00f3n matem\u00e1tico de su grupo hace ya varias jornadas) fall\u00f3 y acab\u00f3 cayendo por 3-0 en casa de los azulgranas, pero no sucedi\u00f3 lo mismo en el partido que L\u2019Illa Grau disput\u00f3 en casa del V\u00edkings El Prat, un equipo de la zona baja que llegaba a la jornada final con la salvaci\u00f3n ya conseguida.<\/p>   <p>Los de Castell\u00f3n hicieron su trabajo y se impusieron por 1-3 a los de El Prat sumando los tres puntos que, sobre la bocina, les han permitido escalar hasta la segunda plaza y convertirse de esta manera en el sexto equipo que pelear\u00e1 en Legan\u00e9s, del 24 al 27 de abril, por uno de los dos puestos de ascenso a Superliga.<\/p> ","protected":false},"excerpt":{"rendered":"<p>El CV L\u2019Illa Grau se confirma como el sexto equipo que pelear\u00e1 junto al Servigroup Playas de Benidorm en Legan\u00e9s<\/p>\n","protected":false},"author":0,"featured_media":13729,"comment_status":"open","ping_status":"open","sticky":false,"template":"","format":"standard","meta":{"_acf_changed":false,"footnotes":""},"categories":[16],"tags":[],"class_list":["post-13728","post","type-post","status-publish","format-standard","has-post-thumbnail","hentry","category-deportes"],"acf":{"ser_id":"I6AFFLKIAFCHNNO3CBXSTAQQ54","ser_url":"https:\/\/cadenaser.com\/comunitat-valenciana\/2025\/03\/30\/la-superliga-2-de-voleibol-baja-el-telon-y-pone-rumbo-al-ascenso-radio-benidorm\/"},"_links":{"self":[{"href":"https:\/\/serbenidorm.daliisolutions.com\/index.php\/wp-json\/wp\/v2\/posts\/13728","targetHints":{"allow":["GET"]}}],"collection":[{"href":"https:\/\/serbenidorm.daliisolutions.com\/index.php\/wp-json\/wp\/v2\/posts"}],"about":[{"href":"https:\/\/serbenidorm.daliisolutions.com\/index.php\/wp-json\/wp\/v2\/types\/post"}],"replies":[{"embeddable":true,"href":"https:\/\/serbenidorm.daliisolutions.com\/index.php\/wp-json\/wp\/v2\/comments?post=13728"}],"version-history":[{"count":0,"href":"https:\/\/serbenidorm.daliisolutions.com\/index.php\/wp-json\/wp\/v2\/posts\/13728\/revisions"}],"wp:featuredmedia":[{"embeddable":true,"href":"https:\/\/serbenidorm.daliisolutions.com\/index.php\/wp-json\/wp\/v2\/media\/13729"}],"wp:attachment":[{"href":"https:\/\/serbenidorm.daliisolutions.com\/index.php\/wp-json\/wp\/v2\/media?parent=13728"}],"wp:term":[{"taxonomy":"category","embeddable":true,"href":"https:\/\/serbenidorm.daliisolutions.com\/index.php\/wp-json\/wp\/v2\/categories?post=13728"},{"taxonomy":"post_tag","embeddable":true,"href":"https:\/\/serbenidorm.daliisolutions.com\/index.php\/wp-json\/wp\/v2\/tags?post=13728"}],"curies":[{"name":"wp","href":"https:\/\/api.w.org\/{rel}","templated":true}]}}