{"id":13730,"date":"2025-03-30T13:02:48","date_gmt":"2025-03-30T11:02:48","guid":{"rendered":"https:\/\/serbenidorm.daliisolutions.com\/index.php\/2025\/03\/30\/el-sporting-la-nucia-da-motivos-para-la-ilusion\/"},"modified":"2025-03-30T13:02:48","modified_gmt":"2025-03-30T11:02:48","slug":"el-sporting-la-nucia-da-motivos-para-la-ilusion","status":"publish","type":"post","link":"https:\/\/serbenidorm.daliisolutions.com\/index.php\/2025\/03\/30\/el-sporting-la-nucia-da-motivos-para-la-ilusion\/","title":{"rendered":"El Sporting La Nuc\u00eda da motivos para la ilusi\u00f3n"},"content":{"rendered":"  <p><div data-adtype=\"MLDB\"><\/div><\/p>   <p>Benidorm<\/p>   <p>La plantilla del Sporting La Nuc\u00eda se ha empe\u00f1ado, en este tramo final de la competici\u00f3n liguera de la Segunda Divisi\u00f3n del f\u00fatbol sala nacional, hacer buena aquella vieja frase que aseguraba que \u2018s\u00f3lo cuando el t\u00fanel est\u00e1 en la m\u00e1s absoluta oscuridad es cuando puede volver otra vez la luz\u2019.<\/p>   <p>Tras un aterrizaje muy complicado en la categor\u00eda de plata, terminada la primera vueltas las opciones de salvaci\u00f3n del equipo del Camilo Cano parec\u00edan algo m\u00e1s que remotas; pero su entrenador, David \u2018Dada\u2019 Valverde siempre mantuvo la fe en un equipo que, reconoci\u00f3 en su d\u00eda ante los micr\u00f3fonos de SER Deportivos, hab\u00eda podido pecar, en momentos puntuales, de cierta deriva triunfalista tras los dos ascensos consecutivos anteriores.<\/p>   <p>Pero fue ya iniciada la segunda vuelta, cuando la realidad del descenso se convirti\u00f3 en algo tangible, cuando la necesitad\u00edsima reacci\u00f3n se convirti\u00f3 en una realidad cuyo \u00faltimo episodio, al menos por el momento, lleg\u00f3 este s\u00e1bado en el Camilo Cano. All\u00ed, el Sporting La Nuc\u00eda ofreci\u00f3 un festival de goles y juego que le sirvi\u00f3 para imponerse por 7-5 a El Ejido, un equipo metido de lleno en la pelea por los puestos de ascenso y, por lo tanto, uno de los mejores term\u00f3metros posibles para poner a prueba el buen momento local.<\/p>   <p>Tras este triunfo, el Sporting La Nuc\u00eda se coloca en la misma 14\u00aa posici\u00f3n, pero ahora ya a s\u00f3lo tres puntos de una salvaci\u00f3n que rozan con la punta de los dedos cuando restan \u00fanicamente seis jornadas para el final del campeonato.<\/p>   <p>Seis jornadas en las que en el horizonte m\u00e1s cercano aparece otro equipo de la zona alta, el M\u00e1laga, al que los de \u2018Dada\u2019 visitar\u00e1n el pr\u00f3ximo fin de semana en el primer de sus dos desplazamientos consecutivos que les llevar\u00e1n, una semana m\u00e1s tarde, al campod el Bar\u00e7a. Despu\u00e9s, habr\u00e1 que completar la remontada midi\u00e9ndose a Lugo, Legan\u00e9s, Zaragoza y Melilla.<\/p>   <p>     .c-w {         max-width: 662px;         width: 100%;         margin:12px 0 24px auto;         background: #00755E;         border-radius: 99px;         display: flex;         align-items: center;         justify-content: center;     }     .c-w:hover {         background-color:#6CB3A5;     }      .c-w a {         display: flex;         align-items: center;         justify-content: center;         padding: 6px 0;         width:100%;     }      .c-w img {         width: 24px;         margin-right: 12px;     }      .c-w p {         font: 18px\/30px Poppins;         text-align: center;         color: #fff;         margin: 0;     }      @media (max-width:444px) {         .c-w a {             padding: 4px 12px;         }          .c-w img {             width: 24px;             margin-right: 8px;         }          .c-w p {             font: 14px\/25px Poppins;         }     }      @media (max-width:335px) {         .c-w p {             font: 13px\/25px Poppins;         }     }  <div class=\"c-w\"> <a href=\"https:\/\/www.whatsapp.com\/channel\/0029Va633PF9WtC4l7XUzh1e\" rel=\"nofollow\" target=\"_blank\">         <img decoding=\"async\" src=\"https:\/\/cadenaser.com\/estaticos\/recursosgraficos\/responsive\/img\/ico-whatsapp.svg\" alt=\"Whatsapp\">         <p>\u00danete al <b>canal de WhatsApp<\/b> de la SER<\/p>     <\/a> <\/div><\/p> ","protected":false},"excerpt":{"rendered":"<p>Una clara victoria sobre un rival de la zona alta coloca a los de \u2018Dada\u2019 a tres puntos de la salvaci\u00f3n<\/p>\n","protected":false},"author":0,"featured_media":13731,"comment_status":"open","ping_status":"open","sticky":false,"template":"","format":"standard","meta":{"_acf_changed":false,"footnotes":""},"categories":[16],"tags":[],"class_list":["post-13730","post","type-post","status-publish","format-standard","has-post-thumbnail","hentry","category-deportes"],"acf":{"ser_id":"U4V7VKVXIJCWDJOPMIT222NA74","ser_url":"https:\/\/cadenaser.com\/comunitat-valenciana\/2025\/03\/30\/el-sporting-la-nucia-da-motivos-para-la-ilusion-radio-benidorm\/"},"_links":{"self":[{"href":"https:\/\/serbenidorm.daliisolutions.com\/index.php\/wp-json\/wp\/v2\/posts\/13730","targetHints":{"allow":["GET"]}}],"collection":[{"href":"https:\/\/serbenidorm.daliisolutions.com\/index.php\/wp-json\/wp\/v2\/posts"}],"about":[{"href":"https:\/\/serbenidorm.daliisolutions.com\/index.php\/wp-json\/wp\/v2\/types\/post"}],"replies":[{"embeddable":true,"href":"https:\/\/serbenidorm.daliisolutions.com\/index.php\/wp-json\/wp\/v2\/comments?post=13730"}],"version-history":[{"count":0,"href":"https:\/\/serbenidorm.daliisolutions.com\/index.php\/wp-json\/wp\/v2\/posts\/13730\/revisions"}],"wp:featuredmedia":[{"embeddable":true,"href":"https:\/\/serbenidorm.daliisolutions.com\/index.php\/wp-json\/wp\/v2\/media\/13731"}],"wp:attachment":[{"href":"https:\/\/serbenidorm.daliisolutions.com\/index.php\/wp-json\/wp\/v2\/media?parent=13730"}],"wp:term":[{"taxonomy":"category","embeddable":true,"href":"https:\/\/serbenidorm.daliisolutions.com\/index.php\/wp-json\/wp\/v2\/categories?post=13730"},{"taxonomy":"post_tag","embeddable":true,"href":"https:\/\/serbenidorm.daliisolutions.com\/index.php\/wp-json\/wp\/v2\/tags?post=13730"}],"curies":[{"name":"wp","href":"https:\/\/api.w.org\/{rel}","templated":true}]}}