{"id":13732,"date":"2025-03-30T13:02:50","date_gmt":"2025-03-30T11:02:50","guid":{"rendered":"https:\/\/serbenidorm.daliisolutions.com\/index.php\/2025\/03\/30\/el-c-f-la-nucia-vuelve-a-poner-el-liderato-a-tiro\/"},"modified":"2025-03-30T13:02:50","modified_gmt":"2025-03-30T11:02:50","slug":"el-c-f-la-nucia-vuelve-a-poner-el-liderato-a-tiro","status":"publish","type":"post","link":"https:\/\/serbenidorm.daliisolutions.com\/index.php\/2025\/03\/30\/el-c-f-la-nucia-vuelve-a-poner-el-liderato-a-tiro\/","title":{"rendered":"El C.F. La Nuc\u00eda vuelve a poner el liderato a tiro"},"content":{"rendered":"  <p><div data-adtype=\"MLDB\"><\/div><\/p>   <p>Benidorm<\/p>   <p>Dos semanas despu\u00e9s de vencer en el Camilo Cano al Utiel por 3-0 y colocarse l\u00edder de la clasificaci\u00f3n de su grupo en la Tercera Federaci\u00f3n y una semana despu\u00e9s de haber perdido esa plaza privilegiada tras no haber podido pasar del empate a cero ante el Patacona, el C.F. La Nuc\u00eda regresaba este s\u00e1bado a casa para v\u00e9rselas con el Vall d\u2019Ux\u00f3, un equipo que precisaba de dar las sorpresa para poder seguir metido en la pelea por el ascenso, pero que se march\u00f3 de su visita al estadio rojillo con una derrota por 2-0 que coloca a los nucieros, de nuevo, a tiro del liderato, que ostentar\u00e1 esta semana el Castell\u00f3n B con un punto m\u00e1s que el C.F. La Nuc\u00eda.<\/p>   <p>El partido se le puso de cara a La Nuc\u00eda muy pronto gracias al gol de Cant\u00f3 que puso el 1-0 en el marcador tras la disputa de apenas tres minutos de juego. Luego, antes de terminar la primera mitad, Porcar anot\u00f3 el 2-0 de la tranquilidad y ya hubo que esperar hasta el minuto 81 para ver c\u00f3mo Joe pon\u00eda el 3-0 definitivo en el luminoso.<\/p>   <p>Ya son once partidos consecutivos sin conocer la derrota los que suma el equipo de Berna Ballester que, adem\u00e1s, ha rebasado ya la marca de los dos meses sin encajar ni un solo gol en contra (desde el 25 de enero) y que en esos nueve partidos en los que nadie ha conseguido perforar su porter\u00eda (es, con 21 goles en contra, el equipo menos goleado de su grupo) ha marcado la friolera de 14 goles. N\u00fameros, sin duda, de campe\u00f3n.<\/p> ","protected":false},"excerpt":{"rendered":"<p>Los de Berna Ballester se recuperan del tropiezo en Patacona con un triunfo en casa ante el Vall d\u2019Ux\u00f3<\/p>\n","protected":false},"author":0,"featured_media":13733,"comment_status":"open","ping_status":"open","sticky":false,"template":"","format":"standard","meta":{"_acf_changed":false,"footnotes":""},"categories":[16],"tags":[],"class_list":["post-13732","post","type-post","status-publish","format-standard","has-post-thumbnail","hentry","category-deportes"],"acf":{"ser_id":"ER3HJ2AVVJFRRAGHNFZXGICXXI","ser_url":"https:\/\/cadenaser.com\/comunitat-valenciana\/2025\/03\/30\/el-cf-la-nucia-vuelve-a-poner-el-liderato-a-tiro-radio-benidorm\/"},"_links":{"self":[{"href":"https:\/\/serbenidorm.daliisolutions.com\/index.php\/wp-json\/wp\/v2\/posts\/13732","targetHints":{"allow":["GET"]}}],"collection":[{"href":"https:\/\/serbenidorm.daliisolutions.com\/index.php\/wp-json\/wp\/v2\/posts"}],"about":[{"href":"https:\/\/serbenidorm.daliisolutions.com\/index.php\/wp-json\/wp\/v2\/types\/post"}],"replies":[{"embeddable":true,"href":"https:\/\/serbenidorm.daliisolutions.com\/index.php\/wp-json\/wp\/v2\/comments?post=13732"}],"version-history":[{"count":0,"href":"https:\/\/serbenidorm.daliisolutions.com\/index.php\/wp-json\/wp\/v2\/posts\/13732\/revisions"}],"wp:featuredmedia":[{"embeddable":true,"href":"https:\/\/serbenidorm.daliisolutions.com\/index.php\/wp-json\/wp\/v2\/media\/13733"}],"wp:attachment":[{"href":"https:\/\/serbenidorm.daliisolutions.com\/index.php\/wp-json\/wp\/v2\/media?parent=13732"}],"wp:term":[{"taxonomy":"category","embeddable":true,"href":"https:\/\/serbenidorm.daliisolutions.com\/index.php\/wp-json\/wp\/v2\/categories?post=13732"},{"taxonomy":"post_tag","embeddable":true,"href":"https:\/\/serbenidorm.daliisolutions.com\/index.php\/wp-json\/wp\/v2\/tags?post=13732"}],"curies":[{"name":"wp","href":"https:\/\/api.w.org\/{rel}","templated":true}]}}