{"id":13734,"date":"2025-03-30T13:02:51","date_gmt":"2025-03-30T11:02:51","guid":{"rendered":"https:\/\/serbenidorm.daliisolutions.com\/index.php\/2025\/03\/30\/miguel-fuster-vuelve-con-brillo-en-la-llana\/"},"modified":"2025-03-30T13:02:51","modified_gmt":"2025-03-30T11:02:51","slug":"miguel-fuster-vuelve-con-brillo-en-la-llana","status":"publish","type":"post","link":"https:\/\/serbenidorm.daliisolutions.com\/index.php\/2025\/03\/30\/miguel-fuster-vuelve-con-brillo-en-la-llana\/","title":{"rendered":"Miguel Fuster vuelve con brillo en La Llana"},"content":{"rendered":"  <p><div data-adtype=\"MLDB\"><\/div><\/p>   <p>Benidorm<\/p>   <p>Miguel Fuster se puede marchar m\u00e1s que satisfecho de la 26\u00aa edici\u00f3n del Rally La Llana, prueba con la que se ha puesto en marcha el Campeonato de Espa\u00f1a de Rallys de Asfalto (CERA) y en la que, afirmaba el propio piloto de Benidorm en SER Deportivos poco antes de comenzar la competici\u00f3n, el hexacampe\u00f3n de Espa\u00f1a buscaba \u201cpelear por estar arriba\u201d y, sobre todo, ir sumando kil\u00f3metros y sensaciones al volante de su flamante nuevo Alpine A110.<\/p>   <p>Fuster explicaba que en este regreso a la competici\u00f3n no s\u00f3lo deb\u00eda adaptarse a un coche mucho m\u00e1s evolucionado a lo que \u00e9l hab\u00eda conducido en el pasado, sino que tambi\u00e9n hab\u00eda hecho un gran trabajo previo cambiando todo su sistema de notas, por lo que pelear ya de entrada por el triunfo en La Llana iba a ser algo m\u00e1s que una quimera.<\/p>   <p>Con todo, la quinta plaza final arrancada del asfalto gerundense, confirma que Fuster no ha perdido ni un \u00e1pice de la competitividad que le ha llevado a levantar en seis ocasiones el trofeo de campe\u00f3n de Espa\u00f1a y que s\u00f3lo es cuesti\u00f3n de tiempo que vuelva a estar en la pomada por los podios.<\/p>   <p>Por su parte, los actuales campeones del CERA, Jorge Cagiao y Javier Mart\u00ednez, arrancaban de forma inmejorable su defensa del t\u00edtulo aup\u00e1ndose con el triunfo al volante del Alpine A110 GT+ de \u00faltima generaci\u00f3n.<\/p>   <p>Por segundo a\u00f1o consecutivo, los gallegos han empezado la temporada subidos a lo m\u00e1s alto del podio como flamantes vencedores de de este 26\u00ba Rally La Llana. Los subcampeones del a\u00f1o pasado, Enrique Cruz y Yeray Mujica, vencedores de dos especiales en la primera etapa de la prueba gerundense y de dos m\u00e1s en la segunda, han completado su estreno con el Toyota GR Yaris Rally2 del equipo Llarena Racing repitiendo tambi\u00e9n el segundo puesto de 2024 mientras que el podio lo han completado Daniel Berdom\u00e1s y Brais Mir\u00f3n, reci\u00e9n incorporados al CERA con un Hyundai i20N Rally2.<\/p>   <p>     .c-w {         max-width: 662px;         width: 100%;         margin:12px 0 24px auto;         background: #00755E;         border-radius: 99px;         display: flex;         align-items: center;         justify-content: center;     }     .c-w:hover {         background-color:#6CB3A5;     }      .c-w a {         display: flex;         align-items: center;         justify-content: center;         padding: 6px 0;         width:100%;     }      .c-w img {         width: 24px;         margin-right: 12px;     }      .c-w p {         font: 18px\/30px Poppins;         text-align: center;         color: #fff;         margin: 0;     }      @media (max-width:444px) {         .c-w a {             padding: 4px 12px;         }          .c-w img {             width: 24px;             margin-right: 8px;         }          .c-w p {             font: 14px\/25px Poppins;         }     }      @media (max-width:335px) {         .c-w p {             font: 13px\/25px Poppins;         }     }  <div class=\"c-w\"> <a href=\"https:\/\/www.whatsapp.com\/channel\/0029Va633PF9WtC4l7XUzh1e\" rel=\"nofollow\" target=\"_blank\">         <img decoding=\"async\" src=\"https:\/\/cadenaser.com\/estaticos\/recursosgraficos\/responsive\/img\/ico-whatsapp.svg\" alt=\"Whatsapp\">         <p>\u00danete al <b>canal de WhatsApp<\/b> de la SER<\/p>     <\/a> <\/div><\/p> ","protected":false},"excerpt":{"rendered":"<p>El piloto de Benidorm regresa al CERA con un ilusionante quinto puesto en la cita inaugural<\/p>\n","protected":false},"author":0,"featured_media":13735,"comment_status":"open","ping_status":"open","sticky":false,"template":"","format":"standard","meta":{"_acf_changed":false,"footnotes":""},"categories":[16],"tags":[],"class_list":["post-13734","post","type-post","status-publish","format-standard","has-post-thumbnail","hentry","category-deportes"],"acf":{"ser_id":"NQMKWHN3CRABNKKP4K74OMAWOI","ser_url":"https:\/\/cadenaser.com\/comunitat-valenciana\/2025\/03\/30\/miguel-fuster-vuelve-con-brillo-en-la-llana-radio-benidorm\/"},"_links":{"self":[{"href":"https:\/\/serbenidorm.daliisolutions.com\/index.php\/wp-json\/wp\/v2\/posts\/13734","targetHints":{"allow":["GET"]}}],"collection":[{"href":"https:\/\/serbenidorm.daliisolutions.com\/index.php\/wp-json\/wp\/v2\/posts"}],"about":[{"href":"https:\/\/serbenidorm.daliisolutions.com\/index.php\/wp-json\/wp\/v2\/types\/post"}],"replies":[{"embeddable":true,"href":"https:\/\/serbenidorm.daliisolutions.com\/index.php\/wp-json\/wp\/v2\/comments?post=13734"}],"version-history":[{"count":0,"href":"https:\/\/serbenidorm.daliisolutions.com\/index.php\/wp-json\/wp\/v2\/posts\/13734\/revisions"}],"wp:featuredmedia":[{"embeddable":true,"href":"https:\/\/serbenidorm.daliisolutions.com\/index.php\/wp-json\/wp\/v2\/media\/13735"}],"wp:attachment":[{"href":"https:\/\/serbenidorm.daliisolutions.com\/index.php\/wp-json\/wp\/v2\/media?parent=13734"}],"wp:term":[{"taxonomy":"category","embeddable":true,"href":"https:\/\/serbenidorm.daliisolutions.com\/index.php\/wp-json\/wp\/v2\/categories?post=13734"},{"taxonomy":"post_tag","embeddable":true,"href":"https:\/\/serbenidorm.daliisolutions.com\/index.php\/wp-json\/wp\/v2\/tags?post=13734"}],"curies":[{"name":"wp","href":"https:\/\/api.w.org\/{rel}","templated":true}]}}