{"id":13755,"date":"2025-03-31T18:42:05","date_gmt":"2025-03-31T16:42:05","guid":{"rendered":"https:\/\/serbenidorm.daliisolutions.com\/index.php\/2025\/03\/31\/benidorm-se-suma-al-convenio-para-inspeccionar-pisos-turisticos-y-sancionar-los-ilegales\/"},"modified":"2025-03-31T18:42:05","modified_gmt":"2025-03-31T16:42:05","slug":"benidorm-se-suma-al-convenio-para-inspeccionar-pisos-turisticos-y-sancionar-los-ilegales","status":"publish","type":"post","link":"https:\/\/serbenidorm.daliisolutions.com\/index.php\/2025\/03\/31\/benidorm-se-suma-al-convenio-para-inspeccionar-pisos-turisticos-y-sancionar-los-ilegales\/","title":{"rendered":"Benidorm se suma al convenio para inspeccionar pisos tur\u00edsticos y sancionar los ilegales"},"content":{"rendered":"  <p><div data-adtype=\"MLDB\"><\/div><\/p>   <p>Benidorm<\/p>   <p>El pleno del Ayuntamiento de Benidorm ha aprobado este lunes adherirse al convenio de la Generalitat para poder inspeccionar las viviendas de uso tur\u00edstico y proceder a imponer sanciones en caso de detectarse irregularidad alguna.<\/p>   <p>En sesi\u00f3n plenaria ordinaria correspondiente al mes de marzo, el consistorio ha aprobado este punto con los votos a favor de los 16 concejales del gobierno local del PP y el del edil de Vox mientras que el PSPV-PSOE se ha abstenido alegando que el convenio es \u201cuna dejaci\u00f3n de funciones de la Generalitat\u201d y que el Ayuntamiento de Benidorm<a href=\"https:\/\/cadenaser.com\/tag\/benidorm\/a\/\" target=\"_blank\"> \u201cno dispone de recursos suficientes\u201d <\/a>para acometer las tareas de inspecci\u00f3n correctamente.<\/p>  <p><p>M\u00e1s informaci\u00f3n<\/p><figure><img loading=\"lazy\" decoding=\"async\" src=\"https:\/\/cadenaser.com\/resizer\/v2\/2MVMIYS7CZEKNAHTGOCWAAP52M.jpg?auth=cc4ed2c23e4a65f5c7ff6abbdd086a1fe0dff8178a6efbe3c12be65fc2d20396&amp;quality=70&amp;width=360&amp;height=202&amp;smart=true\" width=\"820\" height=\"621\" \/><\/figure><ul><li><a href=\"https:\/\/cadenaser.com\/comunitat-valenciana\/2025\/03\/28\/novedades-importantes-en-el-trafico-del-albir-y-altea-a-partir-del-lunes-radio-benidorm\/\"><span>Novedades importantes en el tr\u00e1fico del Albir y Altea a partir del lunes<\/span><\/a><\/li><\/ul><\/p>   <p>Sin embargo, desde el gobierno, la portavoz, Lourdes Caselles, ha anunciado que el consistorio va a reforzar la plantilla de la Polic\u00eda Local, con la convocatoria de 20 plazas, de modo que \u201chabr\u00e1 m\u00e1s medios materiales y personales\u201d, seg\u00fan ha afirmado.<\/p>   <p>Adem\u00e1s, seg\u00fan Caselles, \u201cha habido ya diversas reuniones de t\u00e9cnicos de la Conselleria y de los ayuntamientos\u00bb que se han interesado, como el de Benidorm, para que \u00abesta delegaci\u00f3n sea efectiva en el menor plazo posible\u201d.<\/p>   <p>Una vez asumidas las competencias, Benidorm se compromete a realizar una memoria trimestral con las denuncias presentadas, expedientes abiertos y su resoluci\u00f3n, y las sanciones impuestas. <\/p>   <p>     .c-w {         max-width: 662px;         width: 100%;         margin:12px 0 24px auto;         background: #00755E;         border-radius: 99px;         display: flex;         align-items: center;         justify-content: center;     }     .c-w:hover {         background-color:#6CB3A5;     }      .c-w a {         display: flex;         align-items: center;         justify-content: center;         padding: 6px 0;         width:100%;     }      .c-w img {         width: 24px;         margin-right: 12px;     }      .c-w p {         font: 18px\/30px Poppins;         text-align: center;         color: #fff;         margin: 0;     }      @media (max-width:444px) {         .c-w a {             padding: 4px 12px;         }          .c-w img {             width: 24px;             margin-right: 8px;         }          .c-w p {             font: 14px\/25px Poppins;         }     }      @media (max-width:335px) {         .c-w p {             font: 13px\/25px Poppins;         }     }  <div class=\"c-w\"> <a href=\"https:\/\/www.whatsapp.com\/channel\/0029Va633PF9WtC4l7XUzh1e\" rel=\"nofollow\" target=\"_blank\">         <img decoding=\"async\" src=\"https:\/\/cadenaser.com\/estaticos\/recursosgraficos\/responsive\/img\/ico-whatsapp.svg\" alt=\"Whatsapp\">         <p>\u00danete al <b>canal de WhatsApp<\/b> de la SER<\/p>     <\/a> <\/div><\/p>   <p>Seg\u00fan el ejecutivo municipal, el departamento de Arquitectura \u201cest\u00e1 trabajando en una ordenanza para regular las viviendas tur\u00edsticas y para dar seguridad y afianzar este tipo de alojamiento tur\u00edstico siempre que se cumpla la normativa\u201d.<\/p>   <p>De esta forma, Benidorm se convierte en una de las primeras ciudades de la Comunitat en asumir la delegaci\u00f3n de competencias y empezar a llevar a cabo la labor inspectora.<\/p>   <p>El pleno de la corporaci\u00f3n local tambi\u00e9n ha sacado adelante por unanimidad el acuerdo para la Financiaci\u00f3n de Mejoras y Reposici\u00f3n de las Instalaciones de Saneamiento y Depuraci\u00f3n de Aguas Residuales, que supondr\u00e1 una inversi\u00f3n de 14.520.000 euros y permitir\u00e1 resolver las deficiencias en materia de instalaciones el\u00e9ctricas y estructurales de las estaciones de bombeo de aguas residuales y solucionar las necesidades de reforma que presenta la actual EDAR de Benidorm.<\/p> ","protected":false},"excerpt":{"rendered":"<p>La oposici\u00f3n se abstiene y reclama m\u00e1s medios para ese control<\/p>\n","protected":false},"author":0,"featured_media":13756,"comment_status":"open","ping_status":"open","sticky":false,"template":"","format":"standard","meta":{"_acf_changed":false,"footnotes":""},"categories":[1],"tags":[],"class_list":["post-13755","post","type-post","status-publish","format-standard","has-post-thumbnail","hentry","category-sin-categoria"],"acf":{"ser_id":"TZ4I3WOR6JDMDDGL5CTKBA5SYU","ser_url":"https:\/\/cadenaser.com\/comunitat-valenciana\/2025\/03\/31\/benidorm-se-suma-al-convenio-para-inspeccionar-pisos-turisticos-y-sancionar-los-ilegales-radio-benidorm\/"},"_links":{"self":[{"href":"https:\/\/serbenidorm.daliisolutions.com\/index.php\/wp-json\/wp\/v2\/posts\/13755","targetHints":{"allow":["GET"]}}],"collection":[{"href":"https:\/\/serbenidorm.daliisolutions.com\/index.php\/wp-json\/wp\/v2\/posts"}],"about":[{"href":"https:\/\/serbenidorm.daliisolutions.com\/index.php\/wp-json\/wp\/v2\/types\/post"}],"replies":[{"embeddable":true,"href":"https:\/\/serbenidorm.daliisolutions.com\/index.php\/wp-json\/wp\/v2\/comments?post=13755"}],"version-history":[{"count":0,"href":"https:\/\/serbenidorm.daliisolutions.com\/index.php\/wp-json\/wp\/v2\/posts\/13755\/revisions"}],"wp:featuredmedia":[{"embeddable":true,"href":"https:\/\/serbenidorm.daliisolutions.com\/index.php\/wp-json\/wp\/v2\/media\/13756"}],"wp:attachment":[{"href":"https:\/\/serbenidorm.daliisolutions.com\/index.php\/wp-json\/wp\/v2\/media?parent=13755"}],"wp:term":[{"taxonomy":"category","embeddable":true,"href":"https:\/\/serbenidorm.daliisolutions.com\/index.php\/wp-json\/wp\/v2\/categories?post=13755"},{"taxonomy":"post_tag","embeddable":true,"href":"https:\/\/serbenidorm.daliisolutions.com\/index.php\/wp-json\/wp\/v2\/tags?post=13755"}],"curies":[{"name":"wp","href":"https:\/\/api.w.org\/{rel}","templated":true}]}}