{"id":13757,"date":"2025-03-31T18:42:06","date_gmt":"2025-03-31T16:42:06","guid":{"rendered":"https:\/\/serbenidorm.daliisolutions.com\/index.php\/2025\/03\/31\/barca-y-arona-primeros-escollos-para-el-servigroup-playas-de-benidorm-camino-a-la-superliga\/"},"modified":"2025-03-31T18:42:06","modified_gmt":"2025-03-31T16:42:06","slug":"barca-y-arona-primeros-escollos-para-el-servigroup-playas-de-benidorm-camino-a-la-superliga","status":"publish","type":"post","link":"https:\/\/serbenidorm.daliisolutions.com\/index.php\/2025\/03\/31\/barca-y-arona-primeros-escollos-para-el-servigroup-playas-de-benidorm-camino-a-la-superliga\/","title":{"rendered":"Bar\u00e7a y Arona, primeros escollos para el Servigroup Playas de Benidorm camino a la Superliga"},"content":{"rendered":"  <p><div data-adtype=\"MLDB\"><\/div><\/p>   <p>Benidorm<\/p>   <p>Menos de 48 horas despu\u00e9s de que se haya dado por cerrada la fase regular de la temporada 2024-2025 en la Superliga 2 masculina de voleibol, la sede de la Federaci\u00f3n Espa\u00f1ola ha acogido este lunes el sorteo de emparejamientos en la fase de ascenso a la m\u00e1xima categor\u00eda que, del 24 al 27 de abril, se va a disputar en Legan\u00e9s con el Servigroup Playas de Benidorm como uno de los claros favoritos a conseguir una de las dos plazas de acceso a la Superliga.<\/p>   <p>El equipo masculino del Club Voleibol Playas de Benidorm ha quedado encuadrado en el grupo B junto al Bar\u00e7a, campe\u00f3n del grupo B de la competici\u00f3n, y el Arona, segundo clasificado del grupo A de la fase regular de la Superliga 2.<\/p>   <p>Se trata, en definitiva, de dos equipos contra los que los de Adriano Lamb no han jugado nunca esta temporada toda vez que su pronta eliminaci\u00f3n de la Copa Pr\u00edncipe el pasado mes de enero impidi\u00f3 esos duelos.<\/p>   <p>El Servigroup Playas de Benidorm ser\u00e1 el encargado de abrir la fase de ascenso con su primer partido, que se disputar\u00e1 el jueves 24 de abril a las 17:00 horas, ante el Arona. El segundo y \u00faltimo partido de esa fase de grupos se disputar\u00e1 exactamente 24 horas m\u00e1s tarde, cuando los de Adriano Lamb se midan al Bar\u00e7a, que se habr\u00e1 tenido que enfrentar en la ma\u00f1ana de ese mismo viernes (10:00 horas) al Arona.<\/p>   <p>Los dos primeros clasificados de cada uno de los grupos obtendr\u00e1n el pase a las semifinales, que se disputar\u00e1n el s\u00e1bado, 26 de abril. Un partido que se disputar\u00eda a las cinco de la tarde en caso de que el equipo benidormense se clasificara como primer de su grupo o a las siete y media, en caso de ser segundo.<\/p>   <p>     .c-w {         max-width: 662px;         width: 100%;         margin:12px 0 24px auto;         background: #00755E;         border-radius: 99px;         display: flex;         align-items: center;         justify-content: center;     }     .c-w:hover {         background-color:#6CB3A5;     }      .c-w a {         display: flex;         align-items: center;         justify-content: center;         padding: 6px 0;         width:100%;     }      .c-w img {         width: 24px;         margin-right: 12px;     }      .c-w p {         font: 18px\/30px Poppins;         text-align: center;         color: #fff;         margin: 0;     }      @media (max-width:444px) {         .c-w a {             padding: 4px 12px;         }          .c-w img {             width: 24px;             margin-right: 8px;         }          .c-w p {             font: 14px\/25px Poppins;         }     }      @media (max-width:335px) {         .c-w p {             font: 13px\/25px Poppins;         }     }  <div class=\"c-w\"> <a href=\"https:\/\/www.whatsapp.com\/channel\/0029Va633PF9WtC4l7XUzh1e\" rel=\"nofollow\" target=\"_blank\">         <img decoding=\"async\" src=\"https:\/\/cadenaser.com\/estaticos\/recursosgraficos\/responsive\/img\/ico-whatsapp.svg\" alt=\"Whatsapp\">         <p>\u00danete al <b>canal de WhatsApp<\/b> de la SER<\/p>     <\/a> <\/div><\/p>   <p>Ese ser\u00eda, en todo caso, el partido m\u00e1s importante de toda la fase de ascenso ya que la victoria asegurar\u00eda el ascenso a la m\u00e1xima categor\u00eda del v\u00f3ley nacional independientemente de lo que suceda en la hipot\u00e9tica final, donde \u2018s\u00f3lo\u2019 estar\u00eda en juego el t\u00edtulo de campe\u00f3n de la Superliga 2.<\/p>   <p><b>Horario Fase de Ascenso a la Superliga Masculina<\/b><\/p>   <p><b>Jueves, 24 de abril<\/b><\/p>   <p><li>10:00 a 11:00 hrs: Entrenamientos oficiales para el Servigroup Playas de Benidorm<\/li><li><b>17:00 hrs. Arona vs. Servigroup Playas de Benidorm (Grupo B)<\/b><\/li><li>19:30 hrs. Legan\u00e9s \u2013 Textil Santanderina (Grupo A)<\/li><\/p>   <p><b>Viernes, 25 de abril<\/b><\/p>   <p><li>10:00 hrs. Bar\u00e7a \u2013 Arona (Grupo B)<\/li><li>12:30 hrs. L\u2019Illa Grau vs. Textil Santanderina (Grupo A)<\/li><li><b>17:00 hrs. Servigroup Playas de Benidorm vs. Bar\u00e7a (Grupo B)<\/b><\/li><li>19:30 hrs. Legan\u00e9s vs. L\u2019Illa Grau (Grupo A)<\/li><\/p>   <p><b>S\u00e1bado, 26 de abril<\/b><\/p>   <p><li>17:00 hrs. Primero Grupo B vs, Segundo Grupo A<\/li><li>19:30 hrs. Primero Grupo A vs, Segundo Grupo B<\/li><\/p>   <p><b>Domingo, 27 abril<\/b><\/p>   <p><li>12:00 hrs. Final por el t\u00edtulo<\/li><\/p> ","protected":false},"excerpt":{"rendered":"<p>El equipo de Adriano Lamb ya conoce a sus rivales en la fase de grupos en la fase de ascenso <\/p>\n","protected":false},"author":0,"featured_media":13758,"comment_status":"open","ping_status":"open","sticky":false,"template":"","format":"standard","meta":{"_acf_changed":false,"footnotes":""},"categories":[16],"tags":[],"class_list":["post-13757","post","type-post","status-publish","format-standard","has-post-thumbnail","hentry","category-deportes"],"acf":{"ser_id":"XKOQN7YCPFB5RIUXOELZXEJW6M","ser_url":"https:\/\/cadenaser.com\/comunitat-valenciana\/2025\/03\/31\/barca-y-arona-primeros-escollos-para-el-servigroup-playas-de-benidorm-camino-a-la-superliga-radio-benidorm\/"},"_links":{"self":[{"href":"https:\/\/serbenidorm.daliisolutions.com\/index.php\/wp-json\/wp\/v2\/posts\/13757","targetHints":{"allow":["GET"]}}],"collection":[{"href":"https:\/\/serbenidorm.daliisolutions.com\/index.php\/wp-json\/wp\/v2\/posts"}],"about":[{"href":"https:\/\/serbenidorm.daliisolutions.com\/index.php\/wp-json\/wp\/v2\/types\/post"}],"replies":[{"embeddable":true,"href":"https:\/\/serbenidorm.daliisolutions.com\/index.php\/wp-json\/wp\/v2\/comments?post=13757"}],"version-history":[{"count":0,"href":"https:\/\/serbenidorm.daliisolutions.com\/index.php\/wp-json\/wp\/v2\/posts\/13757\/revisions"}],"wp:featuredmedia":[{"embeddable":true,"href":"https:\/\/serbenidorm.daliisolutions.com\/index.php\/wp-json\/wp\/v2\/media\/13758"}],"wp:attachment":[{"href":"https:\/\/serbenidorm.daliisolutions.com\/index.php\/wp-json\/wp\/v2\/media?parent=13757"}],"wp:term":[{"taxonomy":"category","embeddable":true,"href":"https:\/\/serbenidorm.daliisolutions.com\/index.php\/wp-json\/wp\/v2\/categories?post=13757"},{"taxonomy":"post_tag","embeddable":true,"href":"https:\/\/serbenidorm.daliisolutions.com\/index.php\/wp-json\/wp\/v2\/tags?post=13757"}],"curies":[{"name":"wp","href":"https:\/\/api.w.org\/{rel}","templated":true}]}}