{"id":13809,"date":"2025-04-02T07:33:38","date_gmt":"2025-04-02T05:33:38","guid":{"rendered":"https:\/\/serbenidorm.daliisolutions.com\/index.php\/2025\/04\/02\/finestrat-paraliza-las-licencias-para-nuevas-viviendas-turisticas\/"},"modified":"2025-04-02T07:33:38","modified_gmt":"2025-04-02T05:33:38","slug":"finestrat-paraliza-las-licencias-para-nuevas-viviendas-turisticas","status":"publish","type":"post","link":"https:\/\/serbenidorm.daliisolutions.com\/index.php\/2025\/04\/02\/finestrat-paraliza-las-licencias-para-nuevas-viviendas-turisticas\/","title":{"rendered":"Finestrat paraliza las licencias para nuevas viviendas tur\u00edsticas"},"content":{"rendered":"  <p><div data-adtype=\"MLDB\"><\/div><\/p>   <p>Finestrat<\/p>   <p>El pleno del Ayuntamiento de Finestrat ha aprobado por unanimidad paralizar la concesi\u00f3n de licencias de compatibilidad para viviendas de uso tur\u00edstico mientras se elabora una ordenanza que las regule.<\/p>   <p>El concejal de Urbanismo, V\u00edctor Llinares, ha se\u00f1alado que \u00ab<a href=\"https:\/\/cadenaser.com\/tag\/finestrat\/a\/\" target=\"_blank\">por todos es conocida la proliferaci\u00f3n de las viviendas en esta zona <\/a>y los problemas que en algunos casos est\u00e1 suscitando compatibilizar este uso con el residencial\u00bb.<\/p>  <p><p>M\u00e1s informaci\u00f3n<\/p><figure><img loading=\"lazy\" decoding=\"async\" src=\"https:\/\/cadenaser.com\/resizer\/v2\/IUUSNEQ3VNF43JGK5PR3ONRDCE.jpg?auth=5295a8e94f210f2f88994ba7ad2e5c233746e2c0da4b74cc234d67923152fcf1&amp;quality=70&amp;width=360&amp;height=202&amp;smart=true\" width=\"820\" height=\"621\" \/><\/figure><ul><li><a href=\"https:\/\/cadenaser.com\/comunitat-valenciana\/2025\/03\/31\/benidorm-se-suma-al-convenio-para-inspeccionar-pisos-turisticos-y-sancionar-los-ilegales-radio-benidorm\/\"><span>Benidorm se suma al convenio para inspeccionar pisos tur\u00edsticos y sancionar los ilegales<\/span><\/a><\/li><\/ul><\/p>   <p>De esta manera poner orden entre estos dos \u00e1mbitos, una l\u00ednea difusa en estos momentos, es el objetivo que persigue el consistorio. En palabras de Linares se acuerda suspender temporalmente esta emisi\u00f3n de certificados \u00aba fin de estudiar la redacci\u00f3n de una ordenanza que regule de forma concreta en qu\u00e9 zonas y en qu\u00e9 condiciones se van a otorgar de ahora en adelante los certificados de compatibilidad de uso tur\u00edstico\u00bb.<\/p>   <p>Finestrat se suma as\u00ed a otras localidades donde est\u00e1n suspendidas las licencias como Altea o Polop. En Benidorm el pleno aprobaba por su parte este lunes asumir las competencias, hasta ahora auton\u00f3micas, para inspeccionar estos alojamientos y sancionar a los irregulares; una funci\u00f3n que recaer\u00e1 en la Polic\u00eda Local y el cuerpo municipal de inspectores.<\/p> ","protected":false},"excerpt":{"rendered":"<p>Mientras crea una ordenanza que las regule<\/p>\n","protected":false},"author":0,"featured_media":13810,"comment_status":"open","ping_status":"open","sticky":false,"template":"","format":"standard","meta":{"_acf_changed":false,"footnotes":""},"categories":[1],"tags":[],"class_list":["post-13809","post","type-post","status-publish","format-standard","has-post-thumbnail","hentry","category-sin-categoria"],"acf":{"ser_id":"MYAHHDQWDJGPFHQSWCMT5IQOLQ","ser_url":"https:\/\/cadenaser.com\/comunitat-valenciana\/2025\/04\/01\/finestrat-paraliza-las-licencias-para-nuevas-viviendas-turisticas-radio-benidorm\/"},"_links":{"self":[{"href":"https:\/\/serbenidorm.daliisolutions.com\/index.php\/wp-json\/wp\/v2\/posts\/13809","targetHints":{"allow":["GET"]}}],"collection":[{"href":"https:\/\/serbenidorm.daliisolutions.com\/index.php\/wp-json\/wp\/v2\/posts"}],"about":[{"href":"https:\/\/serbenidorm.daliisolutions.com\/index.php\/wp-json\/wp\/v2\/types\/post"}],"replies":[{"embeddable":true,"href":"https:\/\/serbenidorm.daliisolutions.com\/index.php\/wp-json\/wp\/v2\/comments?post=13809"}],"version-history":[{"count":0,"href":"https:\/\/serbenidorm.daliisolutions.com\/index.php\/wp-json\/wp\/v2\/posts\/13809\/revisions"}],"wp:featuredmedia":[{"embeddable":true,"href":"https:\/\/serbenidorm.daliisolutions.com\/index.php\/wp-json\/wp\/v2\/media\/13810"}],"wp:attachment":[{"href":"https:\/\/serbenidorm.daliisolutions.com\/index.php\/wp-json\/wp\/v2\/media?parent=13809"}],"wp:term":[{"taxonomy":"category","embeddable":true,"href":"https:\/\/serbenidorm.daliisolutions.com\/index.php\/wp-json\/wp\/v2\/categories?post=13809"},{"taxonomy":"post_tag","embeddable":true,"href":"https:\/\/serbenidorm.daliisolutions.com\/index.php\/wp-json\/wp\/v2\/tags?post=13809"}],"curies":[{"name":"wp","href":"https:\/\/api.w.org\/{rel}","templated":true}]}}