{"id":13811,"date":"2025-04-02T07:33:39","date_gmt":"2025-04-02T05:33:39","guid":{"rendered":"https:\/\/serbenidorm.daliisolutions.com\/index.php\/2025\/04\/02\/la-policia-detiene-en-benidorm-al-responsable-de-hasta-seis-robos-en-bares-de-la-playa\/"},"modified":"2025-04-02T07:33:39","modified_gmt":"2025-04-02T05:33:39","slug":"la-policia-detiene-en-benidorm-al-responsable-de-hasta-seis-robos-en-bares-de-la-playa","status":"publish","type":"post","link":"https:\/\/serbenidorm.daliisolutions.com\/index.php\/2025\/04\/02\/la-policia-detiene-en-benidorm-al-responsable-de-hasta-seis-robos-en-bares-de-la-playa\/","title":{"rendered":"La Polic\u00eda detiene en Benidorm al responsable de hasta seis robos en bares de la playa"},"content":{"rendered":"  <p><div data-adtype=\"MLDB\"><\/div><\/p>   <p>Benidorm<\/p>   <p>La Polic\u00eda Nacional ha detenido en Benidorm a un hombre de 45 a\u00f1os como presunto autor de seis delitos de robo con fuerza en establecimientos de hosteler\u00eda de la <a href=\"https:\/\/cadenaser.com\/tag\/benidorm\/a\/\" target=\"_blank\">playa de Levante<\/a>.<\/p>   <p>La investigaci\u00f3n, seg\u00fan ha informado el cuerpo, comenz\u00f3 a mediados del mes de febrero cuando los agentes tuvieron conocimiento del robo con fuerza en un bar donde el presunto autor de los hechos habr\u00eda sustra\u00eddo la caja registradora, dos tel\u00e9fonos m\u00f3viles y una c\u00e1mara de vigilancia tras forzar el marco de la puerta de entrada.<\/p>  <p><p>M\u00e1s informaci\u00f3n<\/p><figure><img loading=\"lazy\" decoding=\"async\" src=\"https:\/\/cadenaser.com\/resizer\/v2\/GNYOCB46CFCIHK6ALIT6C36JAU.jpg?auth=c917a528b0788286f90a4676b95f848272d69ccc6e386eade969ce00c015f2c8&amp;quality=70&amp;width=360&amp;height=202&amp;smart=true\" width=\"820\" height=\"621\" \/><\/figure><ul><li><a href=\"https:\/\/cadenaser.com\/comunitat-valenciana\/2025\/03\/31\/despliegue-policial-en-el-centro-de-benidorm-para-rescatar-a-un-turista-ingles-del-letrero-de-una-inmobiliaria-radio-benidorm\/\"><span>Despliegue policial en el centro de Benidorm para rescatar a un turista ingl\u00e9s del letrero de una inmobiliaria<\/span><\/a><\/li><\/ul><\/p>   <p>Durante las tres semanas siguientes se interpusieron cinco denuncias m\u00e1s donde tanto el \u201cmodus operandi\u201d como los efectos sustra\u00eddos coincid\u00edan. La Polic\u00eda observ\u00f3 as\u00ed que en alguno de los robos el autor sustra\u00eda botellas de bebidas alcoh\u00f3licas, por lo que descartaron que fuera perpetrado por un grupo especializado.<\/p>   <p>Finalmente se identific\u00f3 al presunto autor de los hechos, persona habitual de la zona, y se estableci\u00f3 un dispositivo de b\u00fasqueda siendo localizado a escasos metros de uno de los establecimientos violentado d\u00edas antes, por lo que los agentes procedieron a su detenci\u00f3n por la presunta comisi\u00f3n de seis delitos de robo con fuerza.<\/p>   <p>Entre los efectos sustra\u00eddos figuran tel\u00e9fonos m\u00f3viles, cajas registradoras, botellas de alcohol, juegos de llaves o dinero en met\u00e1lico, lo cual alcanzar\u00eda la suma total de algo m\u00e1s de 2.000 euros, \u00absi bien los cuantiosos da\u00f1os ocasionados por el autor de los hechos en ventanas, puertas y mobiliario es notablemente superior\u00bb.<\/p>   <p>     .c-w {         max-width: 662px;         width: 100%;         margin:12px 0 24px auto;         background: #00755E;         border-radius: 99px;         display: flex;         align-items: center;         justify-content: center;     }     .c-w:hover {         background-color:#6CB3A5;     }      .c-w a {         display: flex;         align-items: center;         justify-content: center;         padding: 6px 0;         width:100%;     }      .c-w img {         width: 24px;         margin-right: 12px;     }      .c-w p {         font: 18px\/30px Poppins;         text-align: center;         color: #fff;         margin: 0;     }      @media (max-width:444px) {         .c-w a {             padding: 4px 12px;         }          .c-w img {             width: 24px;             margin-right: 8px;         }          .c-w p {             font: 14px\/25px Poppins;         }     }      @media (max-width:335px) {         .c-w p {             font: 13px\/25px Poppins;         }     }  <div class=\"c-w\"> <a href=\"https:\/\/www.whatsapp.com\/channel\/0029Va633PF9WtC4l7XUzh1e\" rel=\"nofollow\" target=\"_blank\">         <img decoding=\"async\" src=\"https:\/\/cadenaser.com\/estaticos\/recursosgraficos\/responsive\/img\/ico-whatsapp.svg\" alt=\"Whatsapp\">         <p>\u00danete al <b>canal de WhatsApp<\/b> de la SER<\/p>     <\/a> <\/div><\/p>   <p>El arrestado cuenta con antecedentes policiales por delitos contra el patrimonio. Tras su detenci\u00f3n, ha sido puesto a disposici\u00f3n de la Autoridad Judicial de Benidorm, quien finalmente decret\u00f3 su ingreso en prisi\u00f3n.<\/p> ","protected":false},"excerpt":{"rendered":"<p>Hab\u00eda generado alarma entre los hosteleros de Levante<\/p>\n","protected":false},"author":0,"featured_media":13812,"comment_status":"open","ping_status":"open","sticky":false,"template":"","format":"standard","meta":{"_acf_changed":false,"footnotes":""},"categories":[1],"tags":[],"class_list":["post-13811","post","type-post","status-publish","format-standard","has-post-thumbnail","hentry","category-sin-categoria"],"acf":{"ser_id":"JZKJHWY2YRGUVNITIMEVD22OSE","ser_url":"https:\/\/cadenaser.com\/comunitat-valenciana\/2025\/04\/01\/la-policia-detiene-en-benidorm-al-responsable-de-hasta-seis-robos-en-bares-de-la-playa-radio-benidorm\/"},"_links":{"self":[{"href":"https:\/\/serbenidorm.daliisolutions.com\/index.php\/wp-json\/wp\/v2\/posts\/13811","targetHints":{"allow":["GET"]}}],"collection":[{"href":"https:\/\/serbenidorm.daliisolutions.com\/index.php\/wp-json\/wp\/v2\/posts"}],"about":[{"href":"https:\/\/serbenidorm.daliisolutions.com\/index.php\/wp-json\/wp\/v2\/types\/post"}],"replies":[{"embeddable":true,"href":"https:\/\/serbenidorm.daliisolutions.com\/index.php\/wp-json\/wp\/v2\/comments?post=13811"}],"version-history":[{"count":0,"href":"https:\/\/serbenidorm.daliisolutions.com\/index.php\/wp-json\/wp\/v2\/posts\/13811\/revisions"}],"wp:featuredmedia":[{"embeddable":true,"href":"https:\/\/serbenidorm.daliisolutions.com\/index.php\/wp-json\/wp\/v2\/media\/13812"}],"wp:attachment":[{"href":"https:\/\/serbenidorm.daliisolutions.com\/index.php\/wp-json\/wp\/v2\/media?parent=13811"}],"wp:term":[{"taxonomy":"category","embeddable":true,"href":"https:\/\/serbenidorm.daliisolutions.com\/index.php\/wp-json\/wp\/v2\/categories?post=13811"},{"taxonomy":"post_tag","embeddable":true,"href":"https:\/\/serbenidorm.daliisolutions.com\/index.php\/wp-json\/wp\/v2\/tags?post=13811"}],"curies":[{"name":"wp","href":"https:\/\/api.w.org\/{rel}","templated":true}]}}