{"id":13813,"date":"2025-04-02T07:33:40","date_gmt":"2025-04-02T05:33:40","guid":{"rendered":"https:\/\/serbenidorm.daliisolutions.com\/index.php\/2025\/04\/02\/la-guardia-civil-frustra-un-robo-y-un-secuestro-en-callosa-den-sarria\/"},"modified":"2025-04-02T07:33:40","modified_gmt":"2025-04-02T05:33:40","slug":"la-guardia-civil-frustra-un-robo-y-un-secuestro-en-callosa-den-sarria","status":"publish","type":"post","link":"https:\/\/serbenidorm.daliisolutions.com\/index.php\/2025\/04\/02\/la-guardia-civil-frustra-un-robo-y-un-secuestro-en-callosa-den-sarria\/","title":{"rendered":"La Guardia Civil frustra un robo y un secuestro en Callosa d&#8217;En Sarria"},"content":{"rendered":"  <p><div data-adtype=\"MLDB\"><\/div><\/p>   <p>Callosa<\/p>   <p>La Guardia Civil ha detenido a dos individuos, un hombre brit\u00e1nico de 64 a\u00f1os y un portugu\u00e9s de 56, cuando se dispon\u00edan a cometer un robo con violencia e intimidaci\u00f3n en una vivienda habitada con la intenci\u00f3n de retener ilegalmente a su morador.<\/p>   <p>La actuaci\u00f3n se inici\u00f3 cuando <a href=\"https:\/\/cadenaser.com\/tag\/callosa_den_sarria\/a\/\" target=\"_blank\">los vecinos alertaron al 112 de que dos personas armadas estaban asaltando el domicilio<\/a>. De inmediato, patrullas de la Benem\u00e9rita de Callosa se desplazaron al lugar donde sorprendieron a los sospechosos que se encontraban en el interior de la vivienda. Al percatarse de la presencia de los agentes, intentaron huir, pero fueron interceptados y detenidos. <\/p>  <p><p>M\u00e1s informaci\u00f3n<\/p><figure><img loading=\"lazy\" decoding=\"async\" src=\"https:\/\/cadenaser.com\/resizer\/v2\/GNYOCB46CFCIHK6ALIT6C36JAU.jpg?auth=c917a528b0788286f90a4676b95f848272d69ccc6e386eade969ce00c015f2c8&amp;quality=70&amp;width=360&amp;height=202&amp;smart=true\" width=\"820\" height=\"621\" \/><\/figure><ul><li><a href=\"https:\/\/cadenaser.com\/comunitat-valenciana\/2025\/03\/31\/despliegue-policial-en-el-centro-de-benidorm-para-rescatar-a-un-turista-ingles-del-letrero-de-una-inmobiliaria-radio-benidorm\/\"><span>Despliegue policial en el centro de Benidorm para rescatar a un turista ingl\u00e9s del letrero de una inmobiliaria<\/span><\/a><\/li><\/ul><\/p>   <p>Tras el arresto los agentes aseguraron la vivienda y realizaron una inspecci\u00f3n en la zona con la colaboraci\u00f3n del Grupo de Apoyo de la Compa\u00f1\u00eda de Calpe y la Polic\u00eda Local de Callosa, que participaron activamente en la b\u00fasqueda de pruebas. <\/p>   <p>En la batida de reconocimiento de las inmediaciones se encontr\u00f3 una pistola de aire comprimido, dos t\u00e1ser y tres sprays de defensa, todos operativos, adem\u00e1s de pasamonta\u00f1as, guantes, mascarillas para ocultar su identidad y un rollo de cinta americana. Tambi\u00e9n se localiz\u00f3 una furgoneta de alquiler de gran tama\u00f1o, que los detenidos planeaban utilizar para su huida, que fue intervenida por los agentes.<\/p>   <p>El Juzgado de Instrucci\u00f3n n\u00ba3 de Villajoyosa ha decretado el ingreso de ambos criminales en prisi\u00f3n provisional sin fianza. Se les imputan los delitos en grado de tentativa de robo con violencia e intimidaci\u00f3n en vivienda habitada y detenci\u00f3n ilegal.<\/p>   <p>     .c-w {         max-width: 662px;         width: 100%;         margin:12px 0 24px auto;         background: #00755E;         border-radius: 99px;         display: flex;         align-items: center;         justify-content: center;     }     .c-w:hover {         background-color:#6CB3A5;     }      .c-w a {         display: flex;         align-items: center;         justify-content: center;         padding: 6px 0;         width:100%;     }      .c-w img {         width: 24px;         margin-right: 12px;     }      .c-w p {         font: 18px\/30px Poppins;         text-align: center;         color: #fff;         margin: 0;     }      @media (max-width:444px) {         .c-w a {             padding: 4px 12px;         }          .c-w img {             width: 24px;             margin-right: 8px;         }          .c-w p {             font: 14px\/25px Poppins;         }     }      @media (max-width:335px) {         .c-w p {             font: 13px\/25px Poppins;         }     }  <div class=\"c-w\"> <a href=\"https:\/\/www.whatsapp.com\/channel\/0029Va633PF9WtC4l7XUzh1e\" rel=\"nofollow\" target=\"_blank\">         <img decoding=\"async\" src=\"https:\/\/cadenaser.com\/estaticos\/recursosgraficos\/responsive\/img\/ico-whatsapp.svg\" alt=\"Whatsapp\">         <p>\u00danete al <b>canal de WhatsApp<\/b> de la SER<\/p>     <\/a> <\/div><\/p> ","protected":false},"excerpt":{"rendered":"<p>Han detenido a los asaltantes de una vivienda gracias al aviso de los vecinos<\/p>\n","protected":false},"author":0,"featured_media":13814,"comment_status":"open","ping_status":"open","sticky":false,"template":"","format":"standard","meta":{"_acf_changed":false,"footnotes":""},"categories":[1],"tags":[],"class_list":["post-13813","post","type-post","status-publish","format-standard","has-post-thumbnail","hentry","category-sin-categoria"],"acf":{"ser_id":"MCMUZ2II7FGZJKP653ZK2NJDO4","ser_url":"https:\/\/cadenaser.com\/comunitat-valenciana\/2025\/04\/01\/la-guardia-civil-frustra-un-robo-y-un-secuestro-en-callosa-den-sarria-radio-benidorm\/"},"_links":{"self":[{"href":"https:\/\/serbenidorm.daliisolutions.com\/index.php\/wp-json\/wp\/v2\/posts\/13813","targetHints":{"allow":["GET"]}}],"collection":[{"href":"https:\/\/serbenidorm.daliisolutions.com\/index.php\/wp-json\/wp\/v2\/posts"}],"about":[{"href":"https:\/\/serbenidorm.daliisolutions.com\/index.php\/wp-json\/wp\/v2\/types\/post"}],"replies":[{"embeddable":true,"href":"https:\/\/serbenidorm.daliisolutions.com\/index.php\/wp-json\/wp\/v2\/comments?post=13813"}],"version-history":[{"count":0,"href":"https:\/\/serbenidorm.daliisolutions.com\/index.php\/wp-json\/wp\/v2\/posts\/13813\/revisions"}],"wp:featuredmedia":[{"embeddable":true,"href":"https:\/\/serbenidorm.daliisolutions.com\/index.php\/wp-json\/wp\/v2\/media\/13814"}],"wp:attachment":[{"href":"https:\/\/serbenidorm.daliisolutions.com\/index.php\/wp-json\/wp\/v2\/media?parent=13813"}],"wp:term":[{"taxonomy":"category","embeddable":true,"href":"https:\/\/serbenidorm.daliisolutions.com\/index.php\/wp-json\/wp\/v2\/categories?post=13813"},{"taxonomy":"post_tag","embeddable":true,"href":"https:\/\/serbenidorm.daliisolutions.com\/index.php\/wp-json\/wp\/v2\/tags?post=13813"}],"curies":[{"name":"wp","href":"https:\/\/api.w.org\/{rel}","templated":true}]}}