{"id":1383,"date":"2024-01-16T07:00:30","date_gmt":"2024-01-16T06:00:30","guid":{"rendered":"https:\/\/serbenidorm.daliisolutions.com\/index.php\/2024\/01\/16\/la-vila-joiosa-estrena-el-nuevo-colegio-dr-esquerdo-y-pone-fin-a-decadas-de-barracones\/"},"modified":"2024-01-16T07:00:30","modified_gmt":"2024-01-16T06:00:30","slug":"la-vila-joiosa-estrena-el-nuevo-colegio-dr-esquerdo-y-pone-fin-a-decadas-de-barracones","status":"publish","type":"post","link":"https:\/\/serbenidorm.daliisolutions.com\/index.php\/2024\/01\/16\/la-vila-joiosa-estrena-el-nuevo-colegio-dr-esquerdo-y-pone-fin-a-decadas-de-barracones\/","title":{"rendered":"La Vila Joiosa \u201cestrena\u201d el nuevo colegio Dr. Esquerdo y pone fin a d\u00e9cadas de barracones"},"content":{"rendered":"  <p>La Vila Joiosa<\/p>   <p>La comunidad educativa de La Vila Joiosa ha celebrado esta ma\u00f1ana la apertura del nuevo colegio p\u00fablico <a href=\"https:\/\/cadenaser.com\/comunitat-valenciana\/2023\/09\/06\/cambio-de-planes-en-la-vila-joiosa-el-alumnado-de-dos-anos-del-doctor-esquerdo-si-podra-empezar-el-curso-en-el-colegio-radio-benidorm\/\" target=\"_blank\" rel=\"noopener\">Doctor \u00c1lvaro Esquerdo <\/a>que pone fin a d\u00e9cadas del alumnado en barracones. As\u00ed lo han asegurado la <a href=\"https:\/\/cadenaser.com\/comunitat-valenciana\/2024\/01\/11\/cambios-en-el-gobierno-de-la-vila-joiosa-se-crean-las-concejalias-de-bienestar-animal-y-ciudad-inteligente-y-desaparece-la-de-casco-historico-radio-benidorm\/\" target=\"_blank\" rel=\"noopener\">edil de Educaci\u00f3n de La Vila Joiosa, <\/a>Marisa Mingot, y la directora del centro, Eva Garc\u00eda, en <a href=\"\/\/radiobenidorm.es\" rel=\"nofollow noopener\" target=\"_blank\">Hoy por Hoy Benidorm.<\/a><\/p>   <p>Los 450 alumnos del centro han iniciado esta ma\u00f1ana sus clases en el nuevo edificio ubicado en la Avenida Ciudad de Requena en una jornada festiva que ha generado gran expectaci\u00f3n entre padres y alumnos. Tambi\u00e9n han celebrado el traslado a las nuevas instalaciones los 30 docentes del centro que se han encargado, junto al resto de personal, de decorar con globos el acceso al recinto.<\/p>   <p><a href=\"https:\/\/cadenaser.com\/comunitat-valenciana\/2023\/09\/11\/9000-escolares-vuelven-a-las-clases-en-benidorm-en-una-jornada-sin-incidentes-radio-benidorm\/\" target=\"_blank\" rel=\"noopener\">La entrada se ha realizado de forma escalonada <\/a>y todos los alumnos, por grupos, han podido realizar una visita guiada por las diferentes dependencias del nuevo colegio antes de comenzar sus clases. El centro ya estuvo abierto a la ciudadan\u00eda en general en una jornada de puertas abiertas celebrada el 27 de diciembre aunque, tal y como ha asegurado su directora, Eva Garc\u00eda, no se descarta realizar una segunda \u201cporque muchos padres no pudieron visitarlo y nos est\u00e1n pidiendo verlo por dentro\u201d.<\/p>   <p>El nuevo Dr. Esquerdo tiene una superficie de 4.400 m\u00b2 divididos en dos plantas y 600 m\u00b2 de porches. Dispone de 14 aulas para Primaria, 6 para educaci\u00f3n Infantil, dos aulas para alumnos de dos a\u00f1os, varias aulas multiusos, aula de educaci\u00f3n especial, tres talleres, sala de actos, biblioteca, comedor y gimnasio. Tambi\u00e9n cuenta con una pista deportiva polivalente, un \u00e1rea naturalizada y una huerta.<\/p>   <p>Las obras comenzaron en junio de 2021 con un presupuesto inicial de 5.428.957 euros, al que se a\u00f1adi\u00f3 otro mill\u00f3n de euros m\u00e1s tras una modificaci\u00f3n de contrato, sufragados por la Conselleria de Educaci\u00f3n, a trav\u00e9s del Pla Edificant de la Generalitat. S.Y.1012026<\/p> ","protected":false},"excerpt":{"rendered":"<p>450 alumnos y 30 profesores se incorporan a las clases en un nuevo edificio construido en la Avenida Ciudad de Requena<\/p>\n","protected":false},"author":0,"featured_media":1384,"comment_status":"open","ping_status":"open","sticky":false,"template":"","format":"standard","meta":{"_acf_changed":false,"footnotes":""},"categories":[1],"tags":[],"class_list":["post-1383","post","type-post","status-publish","format-standard","has-post-thumbnail","hentry","category-sin-categoria"],"acf":{"ser_id":"CE3IA2YKCZGUVPYX2E2FLPOJ2Q","ser_url":"https:\/\/cadenaser.com\/comunitat-valenciana\/2024\/01\/15\/la-vila-joiosa-estrena-el-nuevo-colegio-dr-esquerdo-y-pone-fin-a-decadas-de-barracones-radio-benidorm\/"},"_links":{"self":[{"href":"https:\/\/serbenidorm.daliisolutions.com\/index.php\/wp-json\/wp\/v2\/posts\/1383","targetHints":{"allow":["GET"]}}],"collection":[{"href":"https:\/\/serbenidorm.daliisolutions.com\/index.php\/wp-json\/wp\/v2\/posts"}],"about":[{"href":"https:\/\/serbenidorm.daliisolutions.com\/index.php\/wp-json\/wp\/v2\/types\/post"}],"replies":[{"embeddable":true,"href":"https:\/\/serbenidorm.daliisolutions.com\/index.php\/wp-json\/wp\/v2\/comments?post=1383"}],"version-history":[{"count":0,"href":"https:\/\/serbenidorm.daliisolutions.com\/index.php\/wp-json\/wp\/v2\/posts\/1383\/revisions"}],"wp:featuredmedia":[{"embeddable":true,"href":"https:\/\/serbenidorm.daliisolutions.com\/index.php\/wp-json\/wp\/v2\/media\/1384"}],"wp:attachment":[{"href":"https:\/\/serbenidorm.daliisolutions.com\/index.php\/wp-json\/wp\/v2\/media?parent=1383"}],"wp:term":[{"taxonomy":"category","embeddable":true,"href":"https:\/\/serbenidorm.daliisolutions.com\/index.php\/wp-json\/wp\/v2\/categories?post=1383"},{"taxonomy":"post_tag","embeddable":true,"href":"https:\/\/serbenidorm.daliisolutions.com\/index.php\/wp-json\/wp\/v2\/tags?post=1383"}],"curies":[{"name":"wp","href":"https:\/\/api.w.org\/{rel}","templated":true}]}}