{"id":13848,"date":"2025-04-03T07:49:19","date_gmt":"2025-04-03T05:49:19","guid":{"rendered":"https:\/\/serbenidorm.daliisolutions.com\/index.php\/2025\/04\/03\/el-paro-en-benidorm-y-la-marina-baixa-baja-un-57-interanual-en-marzo\/"},"modified":"2025-04-03T07:49:19","modified_gmt":"2025-04-03T05:49:19","slug":"el-paro-en-benidorm-y-la-marina-baixa-baja-un-57-interanual-en-marzo","status":"publish","type":"post","link":"https:\/\/serbenidorm.daliisolutions.com\/index.php\/2025\/04\/03\/el-paro-en-benidorm-y-la-marina-baixa-baja-un-57-interanual-en-marzo\/","title":{"rendered":"El paro en Benidorm y la Marina Baixa baja un 5,7 % interanual en marzo"},"content":{"rendered":"  <p><div data-adtype=\"MLDB\"><\/div><\/p>   <p>Benidorm<\/p>   <p>Los \u00faltimos datos del Servicio Valenciano de Empleo (Labora) en la Marina Baixa dejan un total de 9.028 parados registrados en la comarca. Estos son 200 menos que el mes pasado (-2,2 %) y hasta 545 menos (-5,7 %) que hace justo un a\u00f1o. Adem\u00e1s crece la contrataci\u00f3n: <a href=\"https:\/\/cadenaser.com\/tag\/comarca_la_marina_baixa\/a\/\" target=\"_blank\">m\u00e1s de 4.700 nuevos contratos de los que 4.321 pertenecen al sector servicios<\/a>, una vez m\u00e1s el motor econ\u00f3mico como vuelven a subrayar los sindicatos.<\/p>   <p>Yolanda D\u00edaz, secretaria general de UGT en las Marinas, ha destacado tambi\u00e9n el repunte leve del paro en la construcci\u00f3n y ha reclamado aprovechar este momento de fortaleza del mercado laboral para implementar la jornada de 37 horas y media a la semana o para endurecer el despido.<\/p>  <p><p>M\u00e1s informaci\u00f3n<\/p><figure><img loading=\"lazy\" decoding=\"async\" src=\"https:\/\/cadenaser.com\/resizer\/v2\/QUCFBYRMKJAXDB7BXIRGXO2BAA.png?auth=19830357447fd75e579a0be4feb0f34cd5b7c1a1c8c02d2ff5e08a564fbed8dc&amp;quality=70&amp;width=360&amp;height=202&amp;smart=true\" width=\"820\" height=\"621\" \/><\/figure><ul><li><a href=\"https:\/\/cadenaser.com\/comunitat-valenciana\/2025\/04\/01\/finestrat-paraliza-las-licencias-para-nuevas-viviendas-turisticas-radio-benidorm\/\"><span>Finestrat paraliza las licencias para nuevas viviendas tur\u00edsticas<\/span><\/a><\/li><\/ul><\/p>   <p>En la misma l\u00ednea se ha mostrado Jos\u00e9 Mar\u00eda Ruiz, secretario de Pol\u00edtica Social y Empleo de CCOO, que pide mejorar la calidad del empleo y diversificar la actividad tur\u00edstica. Ruiz s\u00ed ha celebrado las \u00faltimas reducciones del paro femenino tanto en Benidorm como en el conjunto de la comarca.<\/p>   <p>Por municipios<a href=\"https:\/\/cadenaser.com\/tag\/benidorm\/a\/\" target=\"_blank\"> el desempleo ha ca\u00eddo durante marzo en Benidorm en 119 personas, en La Vila en 26, en Altea en 28, en La Nuc\u00eda en 17. S\u00ed sube el paro en l\u2019Alf\u00e0s del Pi<\/a>, aunque solo son tres personas m\u00e1s apuntadas en las oficinas del Labora.<\/p>   <p>La Marina Baixa encabeza el empleo en la provincia<\/p>   <p>Este mi\u00e9rcoles se ha publicado tambi\u00e9n el \u00faltimo informe de coyuntura del Instituto de Estudios Econ\u00f3micos de Alicante (INECA) que refleja como en 2024 la Marina Baixa fue, de largo, la comarca de la provincia con mejor comportamiento en cuanto a reducci\u00f3n del paro y aumento de las afiliaciones a la seguridad social.<\/p>   <p>     .c-w {         max-width: 662px;         width: 100%;         margin:12px 0 24px auto;         background: #00755E;         border-radius: 99px;         display: flex;         align-items: center;         justify-content: center;     }     .c-w:hover {         background-color:#6CB3A5;     }      .c-w a {         display: flex;         align-items: center;         justify-content: center;         padding: 6px 0;         width:100%;     }      .c-w img {         width: 24px;         margin-right: 12px;     }      .c-w p {         font: 18px\/30px Poppins;         text-align: center;         color: #fff;         margin: 0;     }      @media (max-width:444px) {         .c-w a {             padding: 4px 12px;         }          .c-w img {             width: 24px;             margin-right: 8px;         }          .c-w p {             font: 14px\/25px Poppins;         }     }      @media (max-width:335px) {         .c-w p {             font: 13px\/25px Poppins;         }     }  <div class=\"c-w\"> <a href=\"https:\/\/www.whatsapp.com\/channel\/0029Va633PF9WtC4l7XUzh1e\" rel=\"nofollow\" target=\"_blank\">         <img decoding=\"async\" src=\"https:\/\/cadenaser.com\/estaticos\/recursosgraficos\/responsive\/img\/ico-whatsapp.svg\" alt=\"Whatsapp\">         <p>\u00danete al <b>canal de WhatsApp<\/b> de la SER<\/p>     <\/a> <\/div><\/p>   <p>No obstante el presidente de INECA, Nacho Amirola, lanza un aviso a navegantes a nivel provincial: \u00abContinuamos d\u00e9biles en actividades industriales y tecnol\u00f3gicas de alto valor a\u00f1adido que nos podr\u00edan ayudar no solo a mejorar el PIB sino la renta media per c\u00e1pita\u00bb.<\/p> ","protected":false},"excerpt":{"rendered":"<p>Hay un total de 9.028 desempleados en la comarca y tanto INECA como los sindicatos vuelven a hacer hincapi\u00e9 en la dependencia del turismo<\/p>\n","protected":false},"author":0,"featured_media":13849,"comment_status":"open","ping_status":"open","sticky":false,"template":"","format":"standard","meta":{"_acf_changed":false,"footnotes":""},"categories":[1],"tags":[],"class_list":["post-13848","post","type-post","status-publish","format-standard","has-post-thumbnail","hentry","category-sin-categoria"],"acf":{"ser_id":"QYCW2LACDJCJTP4KOYPFIMZWQE","ser_url":"https:\/\/cadenaser.com\/comunitat-valenciana\/2025\/04\/02\/el-paro-en-benidorm-y-la-marina-baixa-baja-un-57-interanual-en-marzo-radio-benidorm\/"},"_links":{"self":[{"href":"https:\/\/serbenidorm.daliisolutions.com\/index.php\/wp-json\/wp\/v2\/posts\/13848","targetHints":{"allow":["GET"]}}],"collection":[{"href":"https:\/\/serbenidorm.daliisolutions.com\/index.php\/wp-json\/wp\/v2\/posts"}],"about":[{"href":"https:\/\/serbenidorm.daliisolutions.com\/index.php\/wp-json\/wp\/v2\/types\/post"}],"replies":[{"embeddable":true,"href":"https:\/\/serbenidorm.daliisolutions.com\/index.php\/wp-json\/wp\/v2\/comments?post=13848"}],"version-history":[{"count":0,"href":"https:\/\/serbenidorm.daliisolutions.com\/index.php\/wp-json\/wp\/v2\/posts\/13848\/revisions"}],"wp:featuredmedia":[{"embeddable":true,"href":"https:\/\/serbenidorm.daliisolutions.com\/index.php\/wp-json\/wp\/v2\/media\/13849"}],"wp:attachment":[{"href":"https:\/\/serbenidorm.daliisolutions.com\/index.php\/wp-json\/wp\/v2\/media?parent=13848"}],"wp:term":[{"taxonomy":"category","embeddable":true,"href":"https:\/\/serbenidorm.daliisolutions.com\/index.php\/wp-json\/wp\/v2\/categories?post=13848"},{"taxonomy":"post_tag","embeddable":true,"href":"https:\/\/serbenidorm.daliisolutions.com\/index.php\/wp-json\/wp\/v2\/tags?post=13848"}],"curies":[{"name":"wp","href":"https:\/\/api.w.org\/{rel}","templated":true}]}}