{"id":13850,"date":"2025-04-03T07:49:20","date_gmt":"2025-04-03T05:49:20","guid":{"rendered":"https:\/\/serbenidorm.daliisolutions.com\/index.php\/2025\/04\/03\/esta-es-la-pena-a-la-que-se-enfrenta-un-medico-de-benidorm-por-acceder-sin-permiso-a-una-historia-clinica-durante-seis-anos\/"},"modified":"2025-04-03T07:49:20","modified_gmt":"2025-04-03T05:49:20","slug":"esta-es-la-pena-a-la-que-se-enfrenta-un-medico-de-benidorm-por-acceder-sin-permiso-a-una-historia-clinica-durante-seis-anos","status":"publish","type":"post","link":"https:\/\/serbenidorm.daliisolutions.com\/index.php\/2025\/04\/03\/esta-es-la-pena-a-la-que-se-enfrenta-un-medico-de-benidorm-por-acceder-sin-permiso-a-una-historia-clinica-durante-seis-anos\/","title":{"rendered":"Esta es la pena a la que se enfrenta un m\u00e9dico de Benidorm por acceder sin permiso a una historia cl\u00ednica durante seis a\u00f1os"},"content":{"rendered":"  <p><div data-adtype=\"MLDB\"><\/div><\/p>   <p>Benidorm<\/p>   <p>Este mi\u00e9rcoles est\u00e1 previsto el inicio en la secci\u00f3n tercera de la Audiencia Provincial de Alicante del juicio a un<a href=\"https:\/\/cadenaser.com\/tag\/benidorm\/a\/\" target=\"_blank\"> m\u00e9dico de un consultorio de Benidorm<\/a> por, supuestamente, acceder en varias ocasiones entre los a\u00f1os 2012 a 2018 al historial cl\u00ednico de un hombre, sin un motivo asistencial y sin autorizaci\u00f3n del perjudicado.<\/p>   <p>Seg\u00fan ha informado el Tribunal Superior de Justicia de la Comunitat Valenciana (TSJCV) en su calendario de se\u00f1alamientos se enfrenta a una pena de prisi\u00f3n de hasta tres a\u00f1os y ocho meses por un delito continuado de descubrimiento y revelaci\u00f3n de secretos.<\/p>   <p>\u00bfQui\u00e9n puede acceder a mi historial cl\u00ednico?<\/p>   <p>Seg\u00fan la legislaci\u00f3n est\u00e1 autorizado a consultar su historia m\u00e9dica el personal sanitario que te est\u00e9 tratando; las autoridades judiciales, \u00f3rganos de procuraci\u00f3n de justicia y autoridades administrativas, as\u00ed como, en algunos casos, para fines de investigaci\u00f3n, epidemiol\u00f3gicos o para planificar y evaluar la calidad de la asistencia.<\/p> ","protected":false},"excerpt":{"rendered":"<p>Comienza el juicio en la Audiencia de Alicante<\/p>\n","protected":false},"author":0,"featured_media":13851,"comment_status":"open","ping_status":"open","sticky":false,"template":"","format":"standard","meta":{"_acf_changed":false,"footnotes":""},"categories":[1],"tags":[],"class_list":["post-13850","post","type-post","status-publish","format-standard","has-post-thumbnail","hentry","category-sin-categoria"],"acf":{"ser_id":"MVJE7WQ4HJCSXNVMPNZ6YPZA3U","ser_url":"https:\/\/cadenaser.com\/comunitat-valenciana\/2025\/04\/02\/esta-es-la-pena-a-la-que-se-enfrenta-un-medico-de-benidorm-por-acceder-sin-permiso-a-una-historia-clinica-durante-seis-anos-radio-benidorm\/"},"_links":{"self":[{"href":"https:\/\/serbenidorm.daliisolutions.com\/index.php\/wp-json\/wp\/v2\/posts\/13850","targetHints":{"allow":["GET"]}}],"collection":[{"href":"https:\/\/serbenidorm.daliisolutions.com\/index.php\/wp-json\/wp\/v2\/posts"}],"about":[{"href":"https:\/\/serbenidorm.daliisolutions.com\/index.php\/wp-json\/wp\/v2\/types\/post"}],"replies":[{"embeddable":true,"href":"https:\/\/serbenidorm.daliisolutions.com\/index.php\/wp-json\/wp\/v2\/comments?post=13850"}],"version-history":[{"count":0,"href":"https:\/\/serbenidorm.daliisolutions.com\/index.php\/wp-json\/wp\/v2\/posts\/13850\/revisions"}],"wp:featuredmedia":[{"embeddable":true,"href":"https:\/\/serbenidorm.daliisolutions.com\/index.php\/wp-json\/wp\/v2\/media\/13851"}],"wp:attachment":[{"href":"https:\/\/serbenidorm.daliisolutions.com\/index.php\/wp-json\/wp\/v2\/media?parent=13850"}],"wp:term":[{"taxonomy":"category","embeddable":true,"href":"https:\/\/serbenidorm.daliisolutions.com\/index.php\/wp-json\/wp\/v2\/categories?post=13850"},{"taxonomy":"post_tag","embeddable":true,"href":"https:\/\/serbenidorm.daliisolutions.com\/index.php\/wp-json\/wp\/v2\/tags?post=13850"}],"curies":[{"name":"wp","href":"https:\/\/api.w.org\/{rel}","templated":true}]}}