{"id":13852,"date":"2025-04-03T07:49:21","date_gmt":"2025-04-03T05:49:21","guid":{"rendered":"https:\/\/serbenidorm.daliisolutions.com\/index.php\/2025\/04\/03\/mario-villar-los-presupuestos-vuelven-a-olvidarse-de-muchos-proyectos-para-benidorm\/"},"modified":"2025-04-03T07:49:21","modified_gmt":"2025-04-03T05:49:21","slug":"mario-villar-los-presupuestos-vuelven-a-olvidarse-de-muchos-proyectos-para-benidorm","status":"publish","type":"post","link":"https:\/\/serbenidorm.daliisolutions.com\/index.php\/2025\/04\/03\/mario-villar-los-presupuestos-vuelven-a-olvidarse-de-muchos-proyectos-para-benidorm\/","title":{"rendered":"Mario Villar: \u00abLos presupuestos vuelven a olvidarse de muchos proyectos para Benidorm\u00bb"},"content":{"rendered":"  <p><div data-adtype=\"MLDB\"><\/div><\/p>   <p>Benidorm<\/p>   <p>Los presupuestos de la Generalitat se olvidan de Benidorm. Esa es la conclusi\u00f3n a la que ha llegado el diputado del PSPV-PSOE en Les Corts, Mario Villar, tras reunirse este mi\u00e9rcoles con el grupo municipal socialista para analizar las cuentas de este 2025.<\/p>   <p>Villar ha asegurado que \u00abestos son los presupuestos de la destrucci\u00f3n y el abandono de los servicios p\u00fablicos valencianos que contemplan un <a href=\"https:\/\/cadenaser.com\/tag\/benidorm\/a\/\" target=\"_blank\">recorte de 70 millones de euros en inversiones para la provincia de Alicante<\/a> y que, adem\u00e1s, vuelven a olvidarse de muchos proyectos para Benidorm\u00bb.<\/p>  <p><p>M\u00e1s informaci\u00f3n<\/p><figure><img loading=\"lazy\" decoding=\"async\" src=\"https:\/\/cadenaser.com\/resizer\/v2\/L7O7522G7RHDFE55TSN4SUFVWU.jpeg?auth=7e7698bc0bfdf708c21fb4d1bceb1731b1369db6746c695d0ba7f1b099cbc08b&amp;quality=70&amp;width=360&amp;height=202&amp;smart=true\" width=\"820\" height=\"621\" \/><\/figure><ul><li><a href=\"https:\/\/cadenaser.com\/comunitat-valenciana\/2025\/04\/02\/el-paro-en-benidorm-y-la-marina-baixa-baja-un-57-interanual-en-marzo-radio-benidorm\/\"><span>El paro en Benidorm y la Marina Baixa baja un 5,7 % interanual en marzo<\/span><\/a><\/li><\/ul><\/p>   <p>El parlamentario ha criticado que Turismo haya borrado del apartado inversor de los presupuestos el nuevo CdT para Benidorm. Sin embargo, fuentes de esa Conselleria han indicado despu\u00e9s que s\u00ed existe una partida de 141.000 euros para esta infraestructura: \u00abLo que demuestra es que ignora c\u00f3mo se elaborado un presupuesto, lo cual es bastante grave teniendo en cuenta las responsabilidades que desempe\u00f1\u00f3 en el Invattur\u00bb, han expresado estas mismas fuentes en referencia al cargo que ocup\u00f3 Villar al frente del Instituto Valenciano de Tecnolog\u00edas Tur\u00edsticas.<\/p>   <p>Villar ha denunciado adem\u00e1s un recorte en 100.000 euros la aportaci\u00f3n a la Fundaci\u00f3n Visit Benidorm para realizaci\u00f3n de actuaciones de marketing y promoci\u00f3n tur\u00edstica de la ciudad en el \u00e1mbito nacional e internacional, un punto que s\u00ed han confirmado desde Turisme. As\u00ed la subvenci\u00f3n de este ente pasa de 600.000 a 500.000 euros.<\/p>   <p>Por \u00faltimo ha destacado que estos presupuestos, fruto del \u00abpacto de la verg\u00fcenza\u00bb entre el PP y VOX, dejan fuera la redacci\u00f3n del proyecto de la segunda fase del Paseo de Poniente a la que se comprometi\u00f3 el conseller de Medio Ambiente durante una visita a la ciudad en julio de 202, y tampoco incluyen el nuevo centro de Salud de Els Tolls.<\/p>   <p>     .c-w {         max-width: 662px;         width: 100%;         margin:12px 0 24px auto;         background: #00755E;         border-radius: 99px;         display: flex;         align-items: center;         justify-content: center;     }     .c-w:hover {         background-color:#6CB3A5;     }      .c-w a {         display: flex;         align-items: center;         justify-content: center;         padding: 6px 0;         width:100%;     }      .c-w img {         width: 24px;         margin-right: 12px;     }      .c-w p {         font: 18px\/30px Poppins;         text-align: center;         color: #fff;         margin: 0;     }      @media (max-width:444px) {         .c-w a {             padding: 4px 12px;         }          .c-w img {             width: 24px;             margin-right: 8px;         }          .c-w p {             font: 14px\/25px Poppins;         }     }      @media (max-width:335px) {         .c-w p {             font: 13px\/25px Poppins;         }     }  <div class=\"c-w\"> <a href=\"https:\/\/www.whatsapp.com\/channel\/0029Va633PF9WtC4l7XUzh1e\" rel=\"nofollow\" target=\"_blank\">         <img decoding=\"async\" src=\"https:\/\/cadenaser.com\/estaticos\/recursosgraficos\/responsive\/img\/ico-whatsapp.svg\" alt=\"Whatsapp\">         <p>\u00danete al <b>canal de WhatsApp<\/b> de la SER<\/p>     <\/a> <\/div><\/p>   <p>Otra de las cuestiones que han centrado las cr\u00edticas de los socialistas ha sido la segunda fase del Centro Cultural de Benidorm. La portavoz local, Cristina Escoda, ha recordado que en julio de 2024 y tras una denuncia del PSOE la consellera Nuria Montes anunci\u00f3 la licitaci\u00f3n por un importe de 932.075 euros y un plazo de seis meses: \u00abPues bien, pasados ya ocho meses desde ese anuncio, vuelve a consignar presupuesto para la redacci\u00f3n del proyecto en sus cuentas de 2025, pero esta vez con la cantidad de 847.000 euros\u00bb.<\/p> ","protected":false},"excerpt":{"rendered":"<p>El diputado auton\u00f3mico socialista denuncia que Maz\u00f3n va a aprobar las cuentas \u00abde la destrucci\u00f3n y el abandono de los servicios p\u00fablicos valencianos\u00bb<\/p>\n","protected":false},"author":0,"featured_media":13853,"comment_status":"open","ping_status":"open","sticky":false,"template":"","format":"standard","meta":{"_acf_changed":false,"footnotes":""},"categories":[1],"tags":[],"class_list":["post-13852","post","type-post","status-publish","format-standard","has-post-thumbnail","hentry","category-sin-categoria"],"acf":{"ser_id":"7SFVWOFWMVFCXD4KUQ6OKZD2OI","ser_url":"https:\/\/cadenaser.com\/comunitat-valenciana\/2025\/04\/02\/mario-villar-los-presupuestos-del-consell-se-olvidan-del-centro-de-salud-de-els-tolls-y-del-nuevo-cdt-de-benidorm-radio-benidorm\/"},"_links":{"self":[{"href":"https:\/\/serbenidorm.daliisolutions.com\/index.php\/wp-json\/wp\/v2\/posts\/13852","targetHints":{"allow":["GET"]}}],"collection":[{"href":"https:\/\/serbenidorm.daliisolutions.com\/index.php\/wp-json\/wp\/v2\/posts"}],"about":[{"href":"https:\/\/serbenidorm.daliisolutions.com\/index.php\/wp-json\/wp\/v2\/types\/post"}],"replies":[{"embeddable":true,"href":"https:\/\/serbenidorm.daliisolutions.com\/index.php\/wp-json\/wp\/v2\/comments?post=13852"}],"version-history":[{"count":0,"href":"https:\/\/serbenidorm.daliisolutions.com\/index.php\/wp-json\/wp\/v2\/posts\/13852\/revisions"}],"wp:featuredmedia":[{"embeddable":true,"href":"https:\/\/serbenidorm.daliisolutions.com\/index.php\/wp-json\/wp\/v2\/media\/13853"}],"wp:attachment":[{"href":"https:\/\/serbenidorm.daliisolutions.com\/index.php\/wp-json\/wp\/v2\/media?parent=13852"}],"wp:term":[{"taxonomy":"category","embeddable":true,"href":"https:\/\/serbenidorm.daliisolutions.com\/index.php\/wp-json\/wp\/v2\/categories?post=13852"},{"taxonomy":"post_tag","embeddable":true,"href":"https:\/\/serbenidorm.daliisolutions.com\/index.php\/wp-json\/wp\/v2\/tags?post=13852"}],"curies":[{"name":"wp","href":"https:\/\/api.w.org\/{rel}","templated":true}]}}