{"id":13854,"date":"2025-04-03T07:49:22","date_gmt":"2025-04-03T05:49:22","guid":{"rendered":"https:\/\/serbenidorm.daliisolutions.com\/index.php\/2025\/04\/03\/abren-en-altea-la-pasarela-ciclopeatonal-y-el-aparcamiento-del-viaducto-sobre-el-rio-algar\/"},"modified":"2025-04-03T07:49:22","modified_gmt":"2025-04-03T05:49:22","slug":"abren-en-altea-la-pasarela-ciclopeatonal-y-el-aparcamiento-del-viaducto-sobre-el-rio-algar","status":"publish","type":"post","link":"https:\/\/serbenidorm.daliisolutions.com\/index.php\/2025\/04\/03\/abren-en-altea-la-pasarela-ciclopeatonal-y-el-aparcamiento-del-viaducto-sobre-el-rio-algar\/","title":{"rendered":"Abren en Altea la pasarela ciclopeatonal y el aparcamiento del viaducto sobre el r\u00edo Algar"},"content":{"rendered":"  <p><div data-adtype=\"MLDB\"><\/div><\/p>   <p>Altea<\/p>   <p>Ya est\u00e1n abierto al p\u00fablico la nueva pasarela ciclopeatonal y el aparcamiento acondicionados en el antiguo viaducto sobre el r\u00edo Algar en Altea del <a href=\"https:\/\/cadenaser.com\/tag\/altea\/a\/\" target=\"_blank\">TRAM d\u2019Alacant<\/a>, construido entre 1913 y 1915.<br \/>  <br \/> Al acto de inauguraci\u00f3n han asistido el conseller de Medio Ambiente, Infraestructuras y Territtorio, Vicente Mart\u00ednez Mus y el alcalde de la villa blanca, Diego Zaragoz\u00ed, adem\u00e1s de otras autoridades.<\/p>  <p><p>M\u00e1s informaci\u00f3n<\/p><figure><img loading=\"lazy\" decoding=\"async\" src=\"https:\/\/cadenaser.com\/resizer\/v2\/2PNOLMAP3FHQRODIGBUUIP3UJQ.jpg?auth=4623b4640492c7b509078d20a3476a68c7270747d5a9271f0111d8eb74115f13&amp;quality=70&amp;width=360&amp;height=202&amp;smart=true\" width=\"820\" height=\"621\" \/><\/figure><ul><li><a href=\"https:\/\/cadenaser.com\/comunitat-valenciana\/2025\/04\/02\/mario-villar-los-presupuestos-del-consell-se-olvidan-del-centro-de-salud-de-els-tolls-y-del-nuevo-cdt-de-benidorm-radio-benidorm\/\"><span>Mario Villar: \u00abLos presupuestos vuelven a olvidarse de muchos proyectos para Benidorm\u00bb<\/span><\/a><\/li><\/ul><\/p>   <p>La nueva pasarela se ha habilitado como parte del proyecto de construcci\u00f3n del nuevo viaducto ferroviario del r\u00edo Algar, en servicio desde el pasado 28 de enero e incluida en las obras de modernizaci\u00f3n de la L\u00ednea 9 (Benidorm-D\u00e9nia) del TRAM d\u2019Alacant.<\/p>   <p>Estas obras en conjunto cuentan con un presupuesto de 7, 2 millones de euros y est\u00e1n financiadas por la Uni\u00f3n Europea a trav\u00e9s de los fondos Next Generation que forman parte del Plan de Recuperaci\u00f3n, Transformaci\u00f3n y Resiliencia.<\/p>   <p>La nueva pasarela ciclopeatonal tiene una longitud de m\u00e1s de 230 metros con un ancho de tres metros, coincidente con el ancho del viaducto original, declarado Bien de Relevancia Local.<\/p>   <p>En este mismo proyecto se ha incluido el acondicionamiento y mejora del firme del aparcamiento p\u00fablico, situado en esta misma zona y que cuenta con 274 plazas para veh\u00edculos; siete plazas Personas de Movilidad Reducida (PMR) y seis plazas de autob\u00fas.<\/p>   <p>     .c-w {         max-width: 662px;         width: 100%;         margin:12px 0 24px auto;         background: #00755E;         border-radius: 99px;         display: flex;         align-items: center;         justify-content: center;     }     .c-w:hover {         background-color:#6CB3A5;     }      .c-w a {         display: flex;         align-items: center;         justify-content: center;         padding: 6px 0;         width:100%;     }      .c-w img {         width: 24px;         margin-right: 12px;     }      .c-w p {         font: 18px\/30px Poppins;         text-align: center;         color: #fff;         margin: 0;     }      @media (max-width:444px) {         .c-w a {             padding: 4px 12px;         }          .c-w img {             width: 24px;             margin-right: 8px;         }          .c-w p {             font: 14px\/25px Poppins;         }     }      @media (max-width:335px) {         .c-w p {             font: 13px\/25px Poppins;         }     }  <div class=\"c-w\"> <a href=\"https:\/\/www.whatsapp.com\/channel\/0029Va633PF9WtC4l7XUzh1e\" rel=\"nofollow\" target=\"_blank\">         <img decoding=\"async\" src=\"https:\/\/cadenaser.com\/estaticos\/recursosgraficos\/responsive\/img\/ico-whatsapp.svg\" alt=\"Whatsapp\">         <p>\u00danete al <b>canal de WhatsApp<\/b> de la SER<\/p>     <\/a> <\/div><\/p> ","protected":false},"excerpt":{"rendered":"<p>Un viaducto construido entre 1913 y 1915<\/p>\n","protected":false},"author":0,"featured_media":13855,"comment_status":"open","ping_status":"open","sticky":false,"template":"","format":"standard","meta":{"_acf_changed":false,"footnotes":""},"categories":[1],"tags":[],"class_list":["post-13854","post","type-post","status-publish","format-standard","has-post-thumbnail","hentry","category-sin-categoria"],"acf":{"ser_id":"7ES6T3O3QZAJRLUT3HTPJCDWA4","ser_url":"https:\/\/cadenaser.com\/comunitat-valenciana\/2025\/04\/02\/abren-en-altea-la-pasarela-ciclopeatonal-y-el-aparcamiento-del-viaducto-sobre-el-rio-algar-radio-benidorm\/"},"_links":{"self":[{"href":"https:\/\/serbenidorm.daliisolutions.com\/index.php\/wp-json\/wp\/v2\/posts\/13854","targetHints":{"allow":["GET"]}}],"collection":[{"href":"https:\/\/serbenidorm.daliisolutions.com\/index.php\/wp-json\/wp\/v2\/posts"}],"about":[{"href":"https:\/\/serbenidorm.daliisolutions.com\/index.php\/wp-json\/wp\/v2\/types\/post"}],"replies":[{"embeddable":true,"href":"https:\/\/serbenidorm.daliisolutions.com\/index.php\/wp-json\/wp\/v2\/comments?post=13854"}],"version-history":[{"count":0,"href":"https:\/\/serbenidorm.daliisolutions.com\/index.php\/wp-json\/wp\/v2\/posts\/13854\/revisions"}],"wp:featuredmedia":[{"embeddable":true,"href":"https:\/\/serbenidorm.daliisolutions.com\/index.php\/wp-json\/wp\/v2\/media\/13855"}],"wp:attachment":[{"href":"https:\/\/serbenidorm.daliisolutions.com\/index.php\/wp-json\/wp\/v2\/media?parent=13854"}],"wp:term":[{"taxonomy":"category","embeddable":true,"href":"https:\/\/serbenidorm.daliisolutions.com\/index.php\/wp-json\/wp\/v2\/categories?post=13854"},{"taxonomy":"post_tag","embeddable":true,"href":"https:\/\/serbenidorm.daliisolutions.com\/index.php\/wp-json\/wp\/v2\/tags?post=13854"}],"curies":[{"name":"wp","href":"https:\/\/api.w.org\/{rel}","templated":true}]}}