{"id":13856,"date":"2025-04-03T07:49:25","date_gmt":"2025-04-03T05:49:25","guid":{"rendered":"https:\/\/serbenidorm.daliisolutions.com\/index.php\/2025\/04\/03\/el-balonmano-alteano-peleara-este-fin-de-semana-por-el-ascenso\/"},"modified":"2025-04-03T07:49:25","modified_gmt":"2025-04-03T05:49:25","slug":"el-balonmano-alteano-peleara-este-fin-de-semana-por-el-ascenso","status":"publish","type":"post","link":"https:\/\/serbenidorm.daliisolutions.com\/index.php\/2025\/04\/03\/el-balonmano-alteano-peleara-este-fin-de-semana-por-el-ascenso\/","title":{"rendered":"El balonmano alteano pelear\u00e1 este fin de semana por el ascenso"},"content":{"rendered":"  <p><div data-adtype=\"MLDB\"><\/div><\/p>   <p>Benidorm<\/p>   <p>El Club Esportiu Villa Blanca afronta este fin de semana en Onda un momento crucial en su historia con la disputa, por parte del Casaltea Inmo S\u00e9nior masculino, de la fase de ascenso a Segunda Nacional (la misma categor\u00eda en la que milita a d\u00eda de hoy el filial del Servigroup Hoteles Benidorm).<\/p>   <p>Cuatro equipos se enfrentar\u00e1n en modo liguilla a lo largo de todo el fin de semana en busca de la \u00fanica plaza que da el ascenso. Junto al equipo alteano, estar\u00e1n en Onda el Igr Taurons de Ribarroja del Turia, el Florida Universitaria de Catarroja, y el Onda, anfitri\u00f3n de esta fase de ascenso.<\/p>   <p>El Casaltea Inmo S\u00e9nior consigui\u00f3 el billete para esta fase de ascenso despu\u00e9s de haber finalizado en segunda posici\u00f3n la fase regular de la competici\u00f3n tras caer en la \u00faltima jornada ante el Maristas y perder, precisamente a manos de los valencianos, el liderato que ocupaban.<\/p>   <p>En cualquier caso, los n\u00fameros del equipo alteano son muy ilusionantes despu\u00e9s de haber cerrado esa fase regular de la competici\u00f3n con 15 victorias, dos empates y s\u00f3lo dos derrotas.<\/p>   <p>Ahora llega la parte m\u00e1s complicada y decisiva del a\u00f1o, con una fase de ascenso que arrancar\u00e1 para los alteanos el viernes con el partido que los enfrentar\u00e1 a las 21:00 horas al Igr Taurons. El s\u00e1bado, a las 17:00 horas, ser\u00e1 el turno de v\u00e9rselas con el Onda mientras que para el domingo, a las 11:00 horas, quedar\u00e1 el \u00faltimo partido ante el Florida Universitaria.<\/p>   <p>     .c-w {         max-width: 662px;         width: 100%;         margin:12px 0 24px auto;         background: #00755E;         border-radius: 99px;         display: flex;         align-items: center;         justify-content: center;     }     .c-w:hover {         background-color:#6CB3A5;     }      .c-w a {         display: flex;         align-items: center;         justify-content: center;         padding: 6px 0;         width:100%;     }      .c-w img {         width: 24px;         margin-right: 12px;     }      .c-w p {         font: 18px\/30px Poppins;         text-align: center;         color: #fff;         margin: 0;     }      @media (max-width:444px) {         .c-w a {             padding: 4px 12px;         }          .c-w img {             width: 24px;             margin-right: 8px;         }          .c-w p {             font: 14px\/25px Poppins;         }     }      @media (max-width:335px) {         .c-w p {             font: 13px\/25px Poppins;         }     }  <div class=\"c-w\"> <a href=\"https:\/\/www.whatsapp.com\/channel\/0029Va633PF9WtC4l7XUzh1e\" rel=\"nofollow\" target=\"_blank\">         <img decoding=\"async\" src=\"https:\/\/cadenaser.com\/estaticos\/recursosgraficos\/responsive\/img\/ico-whatsapp.svg\" alt=\"Whatsapp\">         <p>\u00danete al <b>canal de WhatsApp<\/b> de la SER<\/p>     <\/a> <\/div><\/p> ","protected":false},"excerpt":{"rendered":"<p>El equipo S\u00e9nior masculino se las ver\u00e1 con el Igr Taurons, Florida Universitaria y el Onda para conseguir la \u00fanica plaza de acceso a Segunda Nacional<\/p>\n","protected":false},"author":0,"featured_media":13857,"comment_status":"open","ping_status":"open","sticky":false,"template":"","format":"standard","meta":{"_acf_changed":false,"footnotes":""},"categories":[16],"tags":[],"class_list":["post-13856","post","type-post","status-publish","format-standard","has-post-thumbnail","hentry","category-deportes"],"acf":{"ser_id":"K3XTC3FL6FBSHJOMCX3OJYN45Q","ser_url":"https:\/\/cadenaser.com\/comunitat-valenciana\/2025\/04\/02\/el-balonmano-alteano-peleara-este-fin-de-semana-por-el-ascenso-radio-benidorm\/"},"_links":{"self":[{"href":"https:\/\/serbenidorm.daliisolutions.com\/index.php\/wp-json\/wp\/v2\/posts\/13856","targetHints":{"allow":["GET"]}}],"collection":[{"href":"https:\/\/serbenidorm.daliisolutions.com\/index.php\/wp-json\/wp\/v2\/posts"}],"about":[{"href":"https:\/\/serbenidorm.daliisolutions.com\/index.php\/wp-json\/wp\/v2\/types\/post"}],"replies":[{"embeddable":true,"href":"https:\/\/serbenidorm.daliisolutions.com\/index.php\/wp-json\/wp\/v2\/comments?post=13856"}],"version-history":[{"count":0,"href":"https:\/\/serbenidorm.daliisolutions.com\/index.php\/wp-json\/wp\/v2\/posts\/13856\/revisions"}],"wp:featuredmedia":[{"embeddable":true,"href":"https:\/\/serbenidorm.daliisolutions.com\/index.php\/wp-json\/wp\/v2\/media\/13857"}],"wp:attachment":[{"href":"https:\/\/serbenidorm.daliisolutions.com\/index.php\/wp-json\/wp\/v2\/media?parent=13856"}],"wp:term":[{"taxonomy":"category","embeddable":true,"href":"https:\/\/serbenidorm.daliisolutions.com\/index.php\/wp-json\/wp\/v2\/categories?post=13856"},{"taxonomy":"post_tag","embeddable":true,"href":"https:\/\/serbenidorm.daliisolutions.com\/index.php\/wp-json\/wp\/v2\/tags?post=13856"}],"curies":[{"name":"wp","href":"https:\/\/api.w.org\/{rel}","templated":true}]}}