{"id":13859,"date":"2025-04-03T13:13:58","date_gmt":"2025-04-03T11:13:58","guid":{"rendered":"https:\/\/serbenidorm.daliisolutions.com\/index.php\/2025\/04\/03\/los-hoteles-de-benidorm-se-empiezan-a-llenar-y-auguran-una-gran-semana-santa\/"},"modified":"2025-04-03T13:13:58","modified_gmt":"2025-04-03T11:13:58","slug":"los-hoteles-de-benidorm-se-empiezan-a-llenar-y-auguran-una-gran-semana-santa","status":"publish","type":"post","link":"https:\/\/serbenidorm.daliisolutions.com\/index.php\/2025\/04\/03\/los-hoteles-de-benidorm-se-empiezan-a-llenar-y-auguran-una-gran-semana-santa\/","title":{"rendered":"Los hoteles de Benidorm se empiezan a llenar y auguran una gran Semana Santa"},"content":{"rendered":"  <p><div data-adtype=\"MLDB\"><\/div><\/p>   <p>Benidorm<\/p>   <p>El \u00faltimo informe de la patronal hotelera muestra una evoluci\u00f3n positiva en Benidorm, donde la ocupaci\u00f3n media se acerc\u00f3 en marzo al 78 %, dos puntos m\u00e1s que el a\u00f1o pasado y hasta cuatro m\u00e1s si miramos s\u00f3lo a la \u00faltima quincena <a href=\"https:\/\/cadenaser.com\/tag\/benidorm\/a\/\" target=\"_blank\">(y eso que entonces coincidi\u00f3 con la semana santa)<\/a>. Cifras conseguidas, ha explicado la directora ejecutiva de Hosbec, Maite Garc\u00eda, gracias al mercado brit\u00e1nico.<\/p>   <p>Los ingleses han reforzado su liderazgo como principal emisor de turistas, alcanzando el 47,3 % en la segunda quincena de marzo de 2025 frente al 38 % de 2024. Este  notable crecimiento se explica, en parte, por la celebraci\u00f3n de San  Patricio, una festividad muy popular entre los visitantes del norte de Europa. Mientras tanto el turismo nacional pas\u00f3 del 49,2 % al 35,6 % \u00abreflejando un cambio en el perfil de visitantes\u00bb.<\/p>  <p><p>M\u00e1s informaci\u00f3n<\/p><figure><img loading=\"lazy\" decoding=\"async\" src=\"https:\/\/cadenaser.com\/resizer\/v2\/5GJL5YEQPW725FCHNIEYBC3J5U.jpg?auth=69e6efe4dea7177a07ab90519777f57b09e1ba8928960c3cb9ba1c18b1cf3b42&amp;quality=70&amp;width=360&amp;height=202&amp;smart=true\" width=\"820\" height=\"621\" \/><\/figure><ul><li><a href=\"https:\/\/cadenaser.com\/comunitat-valenciana\/2025\/04\/02\/el-paro-en-benidorm-y-la-marina-baixa-baja-un-57-interanual-en-marzo-radio-benidorm\/\"><span>El paro en Benidorm y la Marina Baixa baja un 5,7 % interanual en marzo<\/span><\/a><\/li><\/ul><\/p>   <p>Los hoteles de cuatro estrellas destacaron con una ocupaci\u00f3n del 78,5 % en la  segunda quincena del mes pasado frente al 71,9 % del mismo periodo del a\u00f1o anterior. Los establecimientos de tres estrellas tambi\u00e9n mejoraron, alcanzando un 78,1% frente al 75,9% del a\u00f1o anterior.<\/p>   <p>La previsi\u00f3n de ocupaci\u00f3n para la primera quincena de abril de 2025 es del 75,7 %, una cifra superior al 71,5 % registrado en el mismo periodo de 2024 y se espera que la Semana Santa impulse a\u00fan m\u00e1s la llegada de turistas.<\/p>   <p>\u00abEstos resultados confirman el atractivo de Benidorm y su capacidad para atraer a turistas extranjeros, especialmente brit\u00e1nicos. La recuperaci\u00f3n sostenida y la consolidaci\u00f3n de la oferta hotelera refuerzan el papel del destino en el mercado tur\u00edstico europeo\u00bb, ha valorado Garc\u00eda.<\/p>   <p>     .c-w {         max-width: 662px;         width: 100%;         margin:12px 0 24px auto;         background: #00755E;         border-radius: 99px;         display: flex;         align-items: center;         justify-content: center;     }     .c-w:hover {         background-color:#6CB3A5;     }      .c-w a {         display: flex;         align-items: center;         justify-content: center;         padding: 6px 0;         width:100%;     }      .c-w img {         width: 24px;         margin-right: 12px;     }      .c-w p {         font: 18px\/30px Poppins;         text-align: center;         color: #fff;         margin: 0;     }      @media (max-width:444px) {         .c-w a {             padding: 4px 12px;         }          .c-w img {             width: 24px;             margin-right: 8px;         }          .c-w p {             font: 14px\/25px Poppins;         }     }      @media (max-width:335px) {         .c-w p {             font: 13px\/25px Poppins;         }     }  <div class=\"c-w\"> <a href=\"https:\/\/www.whatsapp.com\/channel\/0029Va633PF9WtC4l7XUzh1e\" rel=\"nofollow\" target=\"_blank\">         <img decoding=\"async\" src=\"https:\/\/cadenaser.com\/estaticos\/recursosgraficos\/responsive\/img\/ico-whatsapp.svg\" alt=\"Whatsapp\">         <p>\u00danete al <b>canal de WhatsApp<\/b> de la SER<\/p>     <\/a> <\/div><\/p> ","protected":false},"excerpt":{"rendered":"<p>Marzo ya ha superado los datos de ocupaci\u00f3n del a\u00f1o pasado a pesar de no contar con la pascua<\/p>\n","protected":false},"author":0,"featured_media":13860,"comment_status":"open","ping_status":"open","sticky":false,"template":"","format":"standard","meta":{"_acf_changed":false,"footnotes":""},"categories":[1],"tags":[],"class_list":["post-13859","post","type-post","status-publish","format-standard","has-post-thumbnail","hentry","category-sin-categoria"],"acf":{"ser_id":"LN3AQNMWEFBUBMYSPLAQUYWBPY","ser_url":"https:\/\/cadenaser.com\/comunitat-valenciana\/2025\/04\/03\/los-hoteles-de-benidorm-auguran-una-gran-semana-santa-radio-benidorm\/"},"_links":{"self":[{"href":"https:\/\/serbenidorm.daliisolutions.com\/index.php\/wp-json\/wp\/v2\/posts\/13859","targetHints":{"allow":["GET"]}}],"collection":[{"href":"https:\/\/serbenidorm.daliisolutions.com\/index.php\/wp-json\/wp\/v2\/posts"}],"about":[{"href":"https:\/\/serbenidorm.daliisolutions.com\/index.php\/wp-json\/wp\/v2\/types\/post"}],"replies":[{"embeddable":true,"href":"https:\/\/serbenidorm.daliisolutions.com\/index.php\/wp-json\/wp\/v2\/comments?post=13859"}],"version-history":[{"count":0,"href":"https:\/\/serbenidorm.daliisolutions.com\/index.php\/wp-json\/wp\/v2\/posts\/13859\/revisions"}],"wp:featuredmedia":[{"embeddable":true,"href":"https:\/\/serbenidorm.daliisolutions.com\/index.php\/wp-json\/wp\/v2\/media\/13860"}],"wp:attachment":[{"href":"https:\/\/serbenidorm.daliisolutions.com\/index.php\/wp-json\/wp\/v2\/media?parent=13859"}],"wp:term":[{"taxonomy":"category","embeddable":true,"href":"https:\/\/serbenidorm.daliisolutions.com\/index.php\/wp-json\/wp\/v2\/categories?post=13859"},{"taxonomy":"post_tag","embeddable":true,"href":"https:\/\/serbenidorm.daliisolutions.com\/index.php\/wp-json\/wp\/v2\/tags?post=13859"}],"curies":[{"name":"wp","href":"https:\/\/api.w.org\/{rel}","templated":true}]}}