{"id":13861,"date":"2025-04-03T13:14:01","date_gmt":"2025-04-03T11:14:01","guid":{"rendered":"https:\/\/serbenidorm.daliisolutions.com\/index.php\/2025\/04\/03\/la-policia-detiene-en-benidorm-a-un-hombre-con-600-esquejes-de-marihuana-en-su-coche\/"},"modified":"2025-04-03T13:14:01","modified_gmt":"2025-04-03T11:14:01","slug":"la-policia-detiene-en-benidorm-a-un-hombre-con-600-esquejes-de-marihuana-en-su-coche","status":"publish","type":"post","link":"https:\/\/serbenidorm.daliisolutions.com\/index.php\/2025\/04\/03\/la-policia-detiene-en-benidorm-a-un-hombre-con-600-esquejes-de-marihuana-en-su-coche\/","title":{"rendered":"La Polic\u00eda detiene en Benidorm a un hombre con 600 esquejes de marihuana en su coche"},"content":{"rendered":"  <p><div data-adtype=\"MLDB\"><\/div><\/p>   <p>Benidorm<\/p>   <p>Agentes de la Polic\u00eda Nacional han detenido en Benidorm a <a href=\"https:\/\/cadenaser.com\/tag\/benidorm\/a\/\" target=\"_blank\">un hombre de 49 a\u00f1os de edad dedicado al transporte, en su veh\u00edculo particular, de plantas de marihuana<\/a> y materiales de log\u00edstica para el cultivo de esta misma planta. Al arrestado se le ha imputado un delito contra la salud p\u00fablica.<\/p>   <p>La detenci\u00f3n ha sido el punto final de una investigaci\u00f3n que se inici\u00f3 despu\u00e9s de que la Polic\u00eda Nacional recibiera informaci\u00f3n sobre la actividad de este hombre, que se estar\u00eda dedicando al transporte de sustancias estupefacientes, principalmente marihuana, y su infraestructura para futuros cultivos hidrop\u00f3nicos por toda la provincia de Alicante.<\/p>   <p>En una primera fase, los agentes de centraron en la localizaci\u00f3n del hombre y de su veh\u00edculo. Una vez confirmadas ambas cuestiones, los investigadores llevaron a cabo una serie de vigilancias y seguimientos al investigado en las que se pudo comprobar el modo de actuaci\u00f3n, quedando acreditado que lo que transportaba en el veh\u00edculo se trataba de sustancias estupefacientes y de sus nutrientes necesarios destinados para futuros cultivos hidrop\u00f3nicos de marihuana en viviendas de la provincia de Alicante.<\/p>  <p><p>M\u00e1s informaci\u00f3n<\/p><figure><img loading=\"lazy\" decoding=\"async\" src=\"https:\/\/cadenaser.com\/resizer\/v2\/RIDECGYMPZJGTPU7X3E667M62M.jpg?auth=366c9b2df4b631feaf73834962830983f1cae57494bd03ad75e69a563d9409b4&amp;quality=70&amp;width=360&amp;height=202&amp;smart=true\" width=\"820\" height=\"621\" \/><\/figure><ul><li><a href=\"https:\/\/cadenaser.com\/comunitat-valenciana\/2025\/04\/02\/esta-es-la-pena-a-la-que-se-enfrenta-un-medico-de-benidorm-por-acceder-sin-permiso-a-una-historia-clinica-durante-seis-anos-radio-benidorm\/\"><span>Esta es la pena a la que se enfrenta un m\u00e9dico de Benidorm por acceder sin permiso a una historia cl\u00ednica durante seis a\u00f1os<\/span><\/a><\/li><\/ul><\/p>   <p>Finalmente, la detenci\u00f3n se produjo tras uno de los dispositivos de vigilancia y seguimiento en el momento que se encontraba realizando uno de los transportes.<\/p>   <p>Tras su arresto, se realiz\u00f3 un registro en su veh\u00edculo donde los agentes intervinieron un total de 600 esquejes de marihuana, trece bidones de cinco litros de fertilizantes y nutrientes para el crecimiento de las plantas, as\u00ed como la cantidad de 1.500 euros y dos tel\u00e9fonos m\u00f3viles.<\/p>   <p>     .c-w {         max-width: 662px;         width: 100%;         margin:12px 0 24px auto;         background: #00755E;         border-radius: 99px;         display: flex;         align-items: center;         justify-content: center;     }     .c-w:hover {         background-color:#6CB3A5;     }      .c-w a {         display: flex;         align-items: center;         justify-content: center;         padding: 6px 0;         width:100%;     }      .c-w img {         width: 24px;         margin-right: 12px;     }      .c-w p {         font: 18px\/30px Poppins;         text-align: center;         color: #fff;         margin: 0;     }      @media (max-width:444px) {         .c-w a {             padding: 4px 12px;         }          .c-w img {             width: 24px;             margin-right: 8px;         }          .c-w p {             font: 14px\/25px Poppins;         }     }      @media (max-width:335px) {         .c-w p {             font: 13px\/25px Poppins;         }     }  <div class=\"c-w\"> <a href=\"https:\/\/www.whatsapp.com\/channel\/0029Va633PF9WtC4l7XUzh1e\" rel=\"nofollow\" target=\"_blank\">         <img decoding=\"async\" src=\"https:\/\/cadenaser.com\/estaticos\/recursosgraficos\/responsive\/img\/ico-whatsapp.svg\" alt=\"Whatsapp\">         <p>\u00danete al <b>canal de WhatsApp<\/b> de la SER<\/p>     <\/a> <\/div><\/p>   <p>El detenido, tras la pr\u00e1ctica de las diligencias policiales, ha sido puesto a disposici\u00f3n de los Juzgados de Instrucci\u00f3n de guardia de la localidad de Benidorm.<\/p> ","protected":false},"excerpt":{"rendered":"<p>Para futuros cultivos por toda la provincia de Alicante<\/p>\n","protected":false},"author":0,"featured_media":13862,"comment_status":"open","ping_status":"open","sticky":false,"template":"","format":"standard","meta":{"_acf_changed":false,"footnotes":""},"categories":[1],"tags":[],"class_list":["post-13861","post","type-post","status-publish","format-standard","has-post-thumbnail","hentry","category-sin-categoria"],"acf":{"ser_id":"RC6KKFP4ZNEJJCD7LT6NK3KANM","ser_url":"https:\/\/cadenaser.com\/comunitat-valenciana\/2025\/04\/03\/la-policia-detiene-en-benidorm-a-un-hombre-con-600-esquejes-de-marihuana-en-su-coche-radio-benidorm\/"},"_links":{"self":[{"href":"https:\/\/serbenidorm.daliisolutions.com\/index.php\/wp-json\/wp\/v2\/posts\/13861","targetHints":{"allow":["GET"]}}],"collection":[{"href":"https:\/\/serbenidorm.daliisolutions.com\/index.php\/wp-json\/wp\/v2\/posts"}],"about":[{"href":"https:\/\/serbenidorm.daliisolutions.com\/index.php\/wp-json\/wp\/v2\/types\/post"}],"replies":[{"embeddable":true,"href":"https:\/\/serbenidorm.daliisolutions.com\/index.php\/wp-json\/wp\/v2\/comments?post=13861"}],"version-history":[{"count":0,"href":"https:\/\/serbenidorm.daliisolutions.com\/index.php\/wp-json\/wp\/v2\/posts\/13861\/revisions"}],"wp:featuredmedia":[{"embeddable":true,"href":"https:\/\/serbenidorm.daliisolutions.com\/index.php\/wp-json\/wp\/v2\/media\/13862"}],"wp:attachment":[{"href":"https:\/\/serbenidorm.daliisolutions.com\/index.php\/wp-json\/wp\/v2\/media?parent=13861"}],"wp:term":[{"taxonomy":"category","embeddable":true,"href":"https:\/\/serbenidorm.daliisolutions.com\/index.php\/wp-json\/wp\/v2\/categories?post=13861"},{"taxonomy":"post_tag","embeddable":true,"href":"https:\/\/serbenidorm.daliisolutions.com\/index.php\/wp-json\/wp\/v2\/tags?post=13861"}],"curies":[{"name":"wp","href":"https:\/\/api.w.org\/{rel}","templated":true}]}}