{"id":13863,"date":"2025-04-03T13:14:03","date_gmt":"2025-04-03T11:14:03","guid":{"rendered":"https:\/\/serbenidorm.daliisolutions.com\/index.php\/2025\/04\/03\/el-huesitos-la-vila-quiere-amarrar-la-permanencia-en-el-pantano\/"},"modified":"2025-04-03T13:14:03","modified_gmt":"2025-04-03T11:14:03","slug":"el-huesitos-la-vila-quiere-amarrar-la-permanencia-en-el-pantano","status":"publish","type":"post","link":"https:\/\/serbenidorm.daliisolutions.com\/index.php\/2025\/04\/03\/el-huesitos-la-vila-quiere-amarrar-la-permanencia-en-el-pantano\/","title":{"rendered":"El Huesitos-La Vila quiere amarrar la permanencia en El Pantano"},"content":{"rendered":"  <p><div data-adtype=\"MLDB\"><\/div><\/p>   <p>Benidorm<\/p>   <p>\u201cSi a principio de temporada me hubieses propuesto firmar llegar a las dos \u00faltimas jornadas dependiendo de nosotros mismos para conseguir la salvaci\u00f3n, lo hubiese firmado\u201d. As\u00ed de contundente se ha mostrado Hern\u00e1n \u2018Falu\u2019 Quirelli este mi\u00e9rcoles en SER Deportivos-Marina Baixa a pocas horas de que el Huesitos-La Vila vuelva este domingo (12:00 horas) a su Estadio del Pantano para v\u00e9rselas con Les Abelles, el equipo valenciano ya descendido, pero que, avisa el entrenador vilero, vendr\u00e1 muy motivado para llevarse el derbi auton\u00f3mico.<\/p>   <p>El choque ante Les Abelles podr\u00eda, adem\u00e1s, dejar matem\u00e1ticamente amarrada la permanencia para el XV chocolatero. Para ello, adem\u00e1s de vencer en su choque en El Pantano, debe confiar en la victoria del Cisneros, l\u00edder del grupo, que visita la cancha del Pozuelo.<\/p>   <p>Alberto Mancebo, \u2018Falu\u2019 Quirelli, \u2018Nano\u2019 Bortondello y Lucas Caputto fueron los protagonistas de una emisi\u00f3n especial de SER Deportivos-Marina Baixa en la que todos ellos analizaron los pormenores de una jornada que, como explic\u00f3 Mancebo, ser\u00e1 mucho m\u00e1s que un mero partido ya que el club y sus patrocinadores, con Huesitos a la cabeza, han preparado lo que tiene que ser una gran fiesta en la que, adem\u00e1s de rugby, no faltar\u00e1 la m\u00fasica en directo y muchas otras sorpresas.<\/p> ","protected":false},"excerpt":{"rendered":"<p>El equipo de Hern\u00e1n \u2018Falu\u2019 Quirelli se mide a Les Abelles en su primer oportunidad de conseguir la salvaci\u00f3n matem\u00e1tica<\/p>\n","protected":false},"author":0,"featured_media":13864,"comment_status":"open","ping_status":"open","sticky":false,"template":"","format":"standard","meta":{"_acf_changed":false,"footnotes":""},"categories":[16],"tags":[],"class_list":["post-13863","post","type-post","status-publish","format-standard","has-post-thumbnail","hentry","category-deportes"],"acf":{"ser_id":"NRU7PC42ZVFJBNTYVRLD36ZISM","ser_url":"https:\/\/cadenaser.com\/comunitat-valenciana\/2025\/04\/03\/el-huesitos-la-vila-quiere-amarrar-la-permanencia-en-el-pantano-radio-benidorm\/"},"_links":{"self":[{"href":"https:\/\/serbenidorm.daliisolutions.com\/index.php\/wp-json\/wp\/v2\/posts\/13863","targetHints":{"allow":["GET"]}}],"collection":[{"href":"https:\/\/serbenidorm.daliisolutions.com\/index.php\/wp-json\/wp\/v2\/posts"}],"about":[{"href":"https:\/\/serbenidorm.daliisolutions.com\/index.php\/wp-json\/wp\/v2\/types\/post"}],"replies":[{"embeddable":true,"href":"https:\/\/serbenidorm.daliisolutions.com\/index.php\/wp-json\/wp\/v2\/comments?post=13863"}],"version-history":[{"count":0,"href":"https:\/\/serbenidorm.daliisolutions.com\/index.php\/wp-json\/wp\/v2\/posts\/13863\/revisions"}],"wp:featuredmedia":[{"embeddable":true,"href":"https:\/\/serbenidorm.daliisolutions.com\/index.php\/wp-json\/wp\/v2\/media\/13864"}],"wp:attachment":[{"href":"https:\/\/serbenidorm.daliisolutions.com\/index.php\/wp-json\/wp\/v2\/media?parent=13863"}],"wp:term":[{"taxonomy":"category","embeddable":true,"href":"https:\/\/serbenidorm.daliisolutions.com\/index.php\/wp-json\/wp\/v2\/categories?post=13863"},{"taxonomy":"post_tag","embeddable":true,"href":"https:\/\/serbenidorm.daliisolutions.com\/index.php\/wp-json\/wp\/v2\/tags?post=13863"}],"curies":[{"name":"wp","href":"https:\/\/api.w.org\/{rel}","templated":true}]}}