{"id":13874,"date":"2025-04-03T14:15:53","date_gmt":"2025-04-03T12:15:53","guid":{"rendered":"https:\/\/serbenidorm.daliisolutions.com\/index.php\/2025\/04\/03\/entre-veus-de-usuarios-de-la-residencia-santa-marta-a-podcasters\/"},"modified":"2025-04-03T14:15:53","modified_gmt":"2025-04-03T12:15:53","slug":"entre-veus-de-usuarios-de-la-residencia-santa-marta-a-podcasters","status":"publish","type":"post","link":"https:\/\/serbenidorm.daliisolutions.com\/index.php\/2025\/04\/03\/entre-veus-de-usuarios-de-la-residencia-santa-marta-a-podcasters\/","title":{"rendered":"\u00abEntre Veus\u00bb, de usuarios de la Residencia Santa Marta a \u00abpodcasters\u00bb"},"content":{"rendered":"  <p><div data-adtype=\"MLDB\"><\/div><\/p>   <p>La Vila Joiosa<\/p>   <p>Los usuarios y trabajadores de la Residencia Santa Marta han decidido convertir las tertulias que habitualmente forman parte de sus actividades de ocio y entretenimiento semanales en un \u00abpodcast\u00bb que trascienda las paredes del hospital asilo. <\/p>   <p>Hoy 3 de abril se estrena el primero de los cap\u00edtulos que de forma quincenal subir\u00e1n a su canal de Youtube, residentes, trabajadores y familiares grabar\u00e1n hablando de distintos temas y contando sus historias. <\/p>   <p>La responsable del RRSS del centro, Ana Climent, la animadora sociocultural, Ana Zaragoza, y uno de los residentes, Vicente Palau, han pasado por Hoy por Hoy Benidorm para promocionar este proyecto \u00aben el que se han volcado todos los residentes como mucha ilusi\u00f3n\u00bb.<\/p>   <p>Tal y como han asegurado creadores del podcast \u00abEntre Veus\u00bb el objetivo del formato es promover \u00abla participaci\u00f3n activa de los residentes pero tambi\u00e9n de sus familiares\u00bb y ofrecerles \u00abun espacio \u00fanico para que compartan historias, vivencias y consejos\u00bb. <\/p>   <p>El podcast \u00abEntre Veus\u00bb nace con el objetivo de dar voz a los mayores, permiti\u00e9ndoles expresar sus experiencias a las nuevas generaciones. Al mismo tiempo, esta propuesta permite a los j\u00f3venes conocer c\u00f3mo los mayores se adaptan a las tendencias actuales, mostr\u00e1ndoles que la tecnolog\u00eda y las nuevas formas de comunicaci\u00f3n tambi\u00e9n son una herramienta valiosa para ellos.<\/p>   <p>     .c-w {         max-width: 662px;         width: 100%;         margin:12px 0 24px auto;         background: #00755E;         border-radius: 99px;         display: flex;         align-items: center;         justify-content: center;     }     .c-w:hover {         background-color:#6CB3A5;     }      .c-w a {         display: flex;         align-items: center;         justify-content: center;         padding: 6px 0;         width:100%;     }      .c-w img {         width: 24px;         margin-right: 12px;     }      .c-w p {         font: 18px\/30px Poppins;         text-align: center;         color: #fff;         margin: 0;     }      @media (max-width:444px) {         .c-w a {             padding: 4px 12px;         }          .c-w img {             width: 24px;             margin-right: 8px;         }          .c-w p {             font: 14px\/25px Poppins;         }     }      @media (max-width:335px) {         .c-w p {             font: 13px\/25px Poppins;         }     }  <div class=\"c-w\"> <a href=\"https:\/\/www.whatsapp.com\/channel\/0029Va633PF9WtC4l7XUzh1e\" rel=\"nofollow\" target=\"_blank\">         <img decoding=\"async\" src=\"https:\/\/cadenaser.com\/estaticos\/recursosgraficos\/responsive\/img\/ico-whatsapp.svg\" alt=\"Whatsapp\">         <p>\u00danete al <b>canal de WhatsApp<\/b> de la SER<\/p>     <\/a> <\/div><\/p> ","protected":false},"excerpt":{"rendered":"<p>Residentes del hospital asilo de Villajoyosa transforman sus charlas en \u00abpodcast\u00bb para Youtube<\/p>\n","protected":false},"author":0,"featured_media":13875,"comment_status":"open","ping_status":"open","sticky":false,"template":"","format":"standard","meta":{"_acf_changed":false,"footnotes":""},"categories":[1],"tags":[],"class_list":["post-13874","post","type-post","status-publish","format-standard","has-post-thumbnail","hentry","category-sin-categoria"],"acf":{"ser_id":"B67ACCDZDFA43D5HG7PNID6FHM","ser_url":"https:\/\/cadenaser.com\/comunitat-valenciana\/2025\/04\/03\/entre-veus-de-usuarios-de-la-residencia-santa-marta-a-podcasters-radio-benidorm\/"},"_links":{"self":[{"href":"https:\/\/serbenidorm.daliisolutions.com\/index.php\/wp-json\/wp\/v2\/posts\/13874","targetHints":{"allow":["GET"]}}],"collection":[{"href":"https:\/\/serbenidorm.daliisolutions.com\/index.php\/wp-json\/wp\/v2\/posts"}],"about":[{"href":"https:\/\/serbenidorm.daliisolutions.com\/index.php\/wp-json\/wp\/v2\/types\/post"}],"replies":[{"embeddable":true,"href":"https:\/\/serbenidorm.daliisolutions.com\/index.php\/wp-json\/wp\/v2\/comments?post=13874"}],"version-history":[{"count":0,"href":"https:\/\/serbenidorm.daliisolutions.com\/index.php\/wp-json\/wp\/v2\/posts\/13874\/revisions"}],"wp:featuredmedia":[{"embeddable":true,"href":"https:\/\/serbenidorm.daliisolutions.com\/index.php\/wp-json\/wp\/v2\/media\/13875"}],"wp:attachment":[{"href":"https:\/\/serbenidorm.daliisolutions.com\/index.php\/wp-json\/wp\/v2\/media?parent=13874"}],"wp:term":[{"taxonomy":"category","embeddable":true,"href":"https:\/\/serbenidorm.daliisolutions.com\/index.php\/wp-json\/wp\/v2\/categories?post=13874"},{"taxonomy":"post_tag","embeddable":true,"href":"https:\/\/serbenidorm.daliisolutions.com\/index.php\/wp-json\/wp\/v2\/tags?post=13874"}],"curies":[{"name":"wp","href":"https:\/\/api.w.org\/{rel}","templated":true}]}}