{"id":13877,"date":"2025-04-03T19:15:18","date_gmt":"2025-04-03T17:15:18","guid":{"rendered":"https:\/\/serbenidorm.daliisolutions.com\/index.php\/2025\/04\/03\/el-supremo-confirma-la-condena-al-ayuntamiento-de-benidorm-a-pagar-mas-de-300-millones-de-euros-a-la-familia-murcia-puchades\/"},"modified":"2025-04-03T19:15:18","modified_gmt":"2025-04-03T17:15:18","slug":"el-supremo-confirma-la-condena-al-ayuntamiento-de-benidorm-a-pagar-mas-de-300-millones-de-euros-a-la-familia-murcia-puchades","status":"publish","type":"post","link":"https:\/\/serbenidorm.daliisolutions.com\/index.php\/2025\/04\/03\/el-supremo-confirma-la-condena-al-ayuntamiento-de-benidorm-a-pagar-mas-de-300-millones-de-euros-a-la-familia-murcia-puchades\/","title":{"rendered":"El Supremo confirma la condena al Ayuntamiento de Benidorm a pagar m\u00e1s de 300 millones de euros a la familia Murcia Puchades"},"content":{"rendered":"  <p><div data-adtype=\"MLDB\"><\/div><\/p>   <p>Benidorm<\/p>   <p>Noticia con consecuencias insondables por el momento para el futuro pr\u00f3ximo del Ayuntamiento de Benidorm. <a href=\"https:\/\/www.todoalicante.es\/alicante-provincia\/supremo-tumba-recurso-benidorm-pagar-330-millones-20250403174059-nt.html\" target=\"_blank\">Seg\u00fan ha adelantado en exclusiva el digital Todo Alicante <\/a>el Tribunal Supremo ha desestimado el recurso presentado por el consistorio de la capital tur\u00edstica contra la sentencia del Tribunal Superior de Justicia de la Comunitat Valenciana (TSJCV) que <a href=\"https:\/\/cadenaser.com\/comunitat-valenciana\/2024\/05\/30\/benidorm-luchara-por-recuperar-la-razon-tras-la-sentencia-que-le-obliga-a-pagar-330-millones-a-propietarios-de-terrenos-en-serra-gelada-radio-benidorm\/\" target=\"_blank\">le condenaba al pago de algo m\u00e1s de 330 millones de euros a los propietarios del suelo de Serra Gelada<\/a> por el incumplimiento de los convenios suscritos en las \u00faltimas d\u00e9cadas.<\/p>   <p>Una sentencia que establec\u00eda que el Ayuntamiento deb\u00eda pagar 283 millones de euros, m\u00e1s los correspondientes intereses legales,<a href=\"https:\/\/cadenaser.com\/comunitat-valenciana\/2024\/05\/30\/la-familia-murcia-puchades-abierta-a-negociar-con-benidorm-si-en-lugar-de-eso-se-pretende-recobrar-la-razon-el-supremo-tendra-la-ultima-palabra-radio-benidorm\/\" target=\"_blank\"> a las mercantiles Murcia Puchades Expansi\u00f3n SL y Urban Villajoyosa 2000 SL<\/a> en compensaci\u00f3n por los aprovechamientos urban\u00edsticos de su propiedad incluidos en el sector APR-7 del parque natural.<\/p>   <p>M\u00e1s del doble de su presupuesto municipal de todo 2024<\/p>   <p>Seg\u00fan fuentes municipales el alcalde ha convocado para esta tarde una Junta de Portavoces y ma\u00f1ana habr\u00e1 una reuni\u00f3n de los servicios jur\u00eddicos para informar al respecto. A la espera de la valoraci\u00f3n t\u00e9cnica, se\u00f1alan, por el momento no habr\u00e1 reacci\u00f3n ni declaraciones.<\/p>   <p>Recordar que previamente a la sentencia dictada por el alto tribunal valenciano, todos los pronunciamientos judiciales hab\u00edan sido favorables al Ayuntamiento de Benidorm, como tambi\u00e9n lo fue el dictamen del Consell Jur\u00eddic Consultiu.<\/p>   <p>La \u00faltima sentencia es firme y ya no cabr\u00eda m\u00e1s recurso contra ella. Se trata pues de un rev\u00e9s jur\u00eddico y econ\u00f3mico de primer nivel para una administraci\u00f3n cuyo \u00faltimo presupuesto, el de 2024, ascend\u00eda a 141,6 millones de euros.<\/p>   <p>     .c-w {         max-width: 662px;         width: 100%;         margin:12px 0 24px auto;         background: #00755E;         border-radius: 99px;         display: flex;         align-items: center;         justify-content: center;     }     .c-w:hover {         background-color:#6CB3A5;     }      .c-w a {         display: flex;         align-items: center;         justify-content: center;         padding: 6px 0;         width:100%;     }      .c-w img {         width: 24px;         margin-right: 12px;     }      .c-w p {         font: 18px\/30px Poppins;         text-align: center;         color: #fff;         margin: 0;     }      @media (max-width:444px) {         .c-w a {             padding: 4px 12px;         }          .c-w img {             width: 24px;             margin-right: 8px;         }          .c-w p {             font: 14px\/25px Poppins;         }     }      @media (max-width:335px) {         .c-w p {             font: 13px\/25px Poppins;         }     }  <div class=\"c-w\"> <a href=\"https:\/\/www.whatsapp.com\/channel\/0029Va633PF9WtC4l7XUzh1e\" rel=\"nofollow\" target=\"_blank\">         <img decoding=\"async\" src=\"https:\/\/cadenaser.com\/estaticos\/recursosgraficos\/responsive\/img\/ico-whatsapp.svg\" alt=\"Whatsapp\">         <p>\u00danete al <b>canal de WhatsApp<\/b> de la SER<\/p>     <\/a> <\/div><\/p>   <p>Noticia en ampliaci\u00f3n<\/p> ","protected":false},"excerpt":{"rendered":"<p>El tribunal desestima el recurso municipal en sentencia firme por lo que tendr\u00e1 que pagar una cantidad que supone m\u00e1s del doble de su presupuesto anual<\/p>\n","protected":false},"author":0,"featured_media":13878,"comment_status":"open","ping_status":"open","sticky":false,"template":"","format":"standard","meta":{"_acf_changed":false,"footnotes":""},"categories":[1],"tags":[],"class_list":["post-13877","post","type-post","status-publish","format-standard","has-post-thumbnail","hentry","category-sin-categoria"],"acf":{"ser_id":"TXNX5HALIREVVJOSCN2IOLLGEA","ser_url":"https:\/\/cadenaser.com\/comunitat-valenciana\/2025\/04\/03\/el-supremo-desestima-el-recurso-de-benidorm-y-condena-al-ayuntamiento-a-pagar-mas-de-300-millones-a-la-familia-murcia-puchades-radio-benidorm\/"},"_links":{"self":[{"href":"https:\/\/serbenidorm.daliisolutions.com\/index.php\/wp-json\/wp\/v2\/posts\/13877","targetHints":{"allow":["GET"]}}],"collection":[{"href":"https:\/\/serbenidorm.daliisolutions.com\/index.php\/wp-json\/wp\/v2\/posts"}],"about":[{"href":"https:\/\/serbenidorm.daliisolutions.com\/index.php\/wp-json\/wp\/v2\/types\/post"}],"replies":[{"embeddable":true,"href":"https:\/\/serbenidorm.daliisolutions.com\/index.php\/wp-json\/wp\/v2\/comments?post=13877"}],"version-history":[{"count":0,"href":"https:\/\/serbenidorm.daliisolutions.com\/index.php\/wp-json\/wp\/v2\/posts\/13877\/revisions"}],"wp:featuredmedia":[{"embeddable":true,"href":"https:\/\/serbenidorm.daliisolutions.com\/index.php\/wp-json\/wp\/v2\/media\/13878"}],"wp:attachment":[{"href":"https:\/\/serbenidorm.daliisolutions.com\/index.php\/wp-json\/wp\/v2\/media?parent=13877"}],"wp:term":[{"taxonomy":"category","embeddable":true,"href":"https:\/\/serbenidorm.daliisolutions.com\/index.php\/wp-json\/wp\/v2\/categories?post=13877"},{"taxonomy":"post_tag","embeddable":true,"href":"https:\/\/serbenidorm.daliisolutions.com\/index.php\/wp-json\/wp\/v2\/tags?post=13877"}],"curies":[{"name":"wp","href":"https:\/\/api.w.org\/{rel}","templated":true}]}}