{"id":13907,"date":"2025-04-04T19:31:56","date_gmt":"2025-04-04T17:31:56","guid":{"rendered":"https:\/\/serbenidorm.daliisolutions.com\/index.php\/2025\/04\/04\/condena-de-330-millones-a-benidorm-el-alcalde-confia-en-evitar-el-pago-y-el-psoe-pide-su-dimision\/"},"modified":"2025-04-04T19:31:56","modified_gmt":"2025-04-04T17:31:56","slug":"condena-de-330-millones-a-benidorm-el-alcalde-confia-en-evitar-el-pago-y-el-psoe-pide-su-dimision","status":"publish","type":"post","link":"https:\/\/serbenidorm.daliisolutions.com\/index.php\/2025\/04\/04\/condena-de-330-millones-a-benidorm-el-alcalde-confia-en-evitar-el-pago-y-el-psoe-pide-su-dimision\/","title":{"rendered":"Condena de 330 millones a Benidorm: el alcalde conf\u00eda en evitar el pago y el PSOE pide su dimisi\u00f3n"},"content":{"rendered":"  <p><div data-adtype=\"MLDB\"><\/div><\/p>   <p>Benidorm<\/p>   <p>Primera reacci\u00f3n del alcalde de Benidorm a la decisi\u00f3n del Tribunal Supremo de confirmar la sentencia del Tribunal Superior de Justicia de la Comunitat Valenciana (TSJCV) sobre Serra Gelada que condena al Ayuntamiento a pagar m\u00e1s de 300 millones a los propietarios de esos suelos, la familia Murcia Puchades. Toni P\u00e9rez ha asegurado este viernes que est\u00e1n explorando todas las v\u00edas para \u201cseguir defendiendo el inter\u00e9s general\u201d.<\/p>   <p>\u00abTranquilidad\u00bb es la palabra que m\u00e1s veces ha repetido el primer edil durante una comparecencia en la que ha aplazado el anuncio de cualquier decisi\u00f3n al estudio y planteamiento de todas las opciones posibles salvo una, hacer frente a esa indemnizaci\u00f3n que al menos dobla el presupuesto municipal de un a\u00f1o: <a href=\"https:\/\/cadenaser.com\/tag\/benidorm\/a\/\" target=\"_blank\">\u00abLos servicios jur\u00eddicos y econ\u00f3micos no est\u00e1n en eso en este momento, estamos hablando de un futurible que cuando llegue lo explorar\u00e1n\u00bb<\/a>.<\/p>  <p><p>M\u00e1s informaci\u00f3n<\/p><figure><img loading=\"lazy\" decoding=\"async\" src=\"https:\/\/cadenaser.com\/resizer\/v2\/PT64GXCBZZAGZJ2OHM7JGELMPA.JPG?auth=c38d39ef83f53314f4482eeb133cdc1da7767f293ff0cb66a230aeb2740c6d02&amp;quality=70&amp;width=360&amp;height=202&amp;smart=true\" width=\"820\" height=\"621\" \/><\/figure><ul><li><a href=\"https:\/\/cadenaser.com\/comunitat-valenciana\/2025\/04\/03\/el-supremo-desestima-el-recurso-de-benidorm-y-condena-al-ayuntamiento-a-pagar-mas-de-300-millones-a-la-familia-murcia-puchades-radio-benidorm\/\"><span>El Supremo confirma la condena a Benidorm a pagar m\u00e1s de 300 millones de euros a la familia Murcia Puchades<\/span><\/a><\/li><\/ul><\/p>   <p>P\u00e9rez defiende que el gobierno local siempre ha seguido el criterio marcado por los t\u00e9cnicos en relaci\u00f3n a la nulidad de los convenios urban\u00edsticos suscritos con los propietarios del terreno; un criterio respaldado, afirma, \u00abpor los t\u00e9cnicos y por el propio Consell Jur\u00eddic Consultiu, as\u00ed como por los juzgados de Primera Instancia, que hasta ahora siempre nos han dado la raz\u00f3n\u00bb.<\/p>   <p><div class=\"c-mul-sc\"><div id=\"player-cadenaser_benidorm_hora14benidorm_20250404_141700_143000\" class=\"c-player-audio\"><button class=\"bt-play\" data-audioid=\"cadenaser_benidorm_hora14benidorm_20250404_141700_143000\" data-type=\"aod\" data-description=\"La \u00faltima hora y la informaci\u00f3n de la ma\u00f1ana en la Marina Baixa y Benidorm, en la Cadena SER. Escucha todas las noticias de la jornada, el an\u00e1lisis y la informaci\u00f3n de servicio.\" data-accountname=\"playser\"><\/button><div class=\"c-copiado\"><p>El c\u00f3digo iframe se ha copiado en el portapapeles<\/p><\/div><div class=\"d-audio\"><p class=\"tit\">Hora 14 Benidorm (04\/04\/2025)<\/p><div class=\"b-pro\"><span class=\"progreso\"><\/span><\/div><div class=\"c-times\"><span class=\"t-progreso\">00:00:00<\/span><span class=\"t-total-audio\">13:00<\/span><\/div><\/div><button class=\"bt-op\"><\/button><div class=\"c-opciones c-comun\"><a href=\"https:\/\/prisa-es.mc.tritondigital.com\/RADIO_BENIDORM_CADENASER_3154_P\/media\/2025\/4\/4\/cadenaser_benidorm_hora14benidorm_20250404_141700_143000.mp3?dist=cadenaser-web-tfp-permanente&amp;csegid=22000&amp;dl=1\" class=\"bt-down\">Descargar<\/a><button class=\"bt-share\">Compartir<\/button><button class=\"bt-close\">Cerrar<\/button><\/div><div class=\"c-opciones c-share\"><button class=\"bt-fb\" data-ssnn=\"facebook\" data-url=\"https:\/\/cadenaser.com\/comunitat-valenciana\/2025\/04\/04\/condena-de-330-millones-a-benidorm-el-alcalde-confia-en-evitar-el-pago-y-el-psoe-pide-su-dimision-radio-benidorm\/\" data-title=\"Hora 14 Benidorm (04\/04\/2025)\">Facebook<\/button><button class=\"bt-tw\" data-ssnn=\"twitter\" data-url=\"https:\/\/cadenaser.com\/comunitat-valenciana\/2025\/04\/04\/condena-de-330-millones-a-benidorm-el-alcalde-confia-en-evitar-el-pago-y-el-psoe-pide-su-dimision-radio-benidorm\/\" data-title=\"Hora 14 Benidorm (04\/04\/2025)\">Twitter<\/button><button class=\"bt-li\" data-ssnn=\"linkedin\" data-url=\"https:\/\/cadenaser.com\/comunitat-valenciana\/2025\/04\/04\/condena-de-330-millones-a-benidorm-el-alcalde-confia-en-evitar-el-pago-y-el-psoe-pide-su-dimision-radio-benidorm\/\" data-title=\"Hora 14 Benidorm (04\/04\/2025)\">Linkedin<\/button><button class=\"bt-wh\" data-ssnn=\"whatsapp\" data-url=\"https:\/\/cadenaser.com\/comunitat-valenciana\/2025\/04\/04\/condena-de-330-millones-a-benidorm-el-alcalde-confia-en-evitar-el-pago-y-el-psoe-pide-su-dimision-radio-benidorm\/\" data-title=\"Hora 14 Benidorm (04\/04\/2025)\">WhatsApp<\/button><button class=\"bt-close\">Cerrar<\/button><\/div><\/div><\/div><\/p>   <p>Cristina Escoda (PSOE): \u00abToni P\u00e9rez debe pedir disculpas y dimitir\u00bb<\/p>   <p>La ejecuci\u00f3n de la sentencia supondr\u00eda, en opini\u00f3n de la portavoz de la oposici\u00f3n Cristina Escoda, \u00abuna quiebra t\u00e9cnica, ser\u00eda cerrar de verdad el Ayuntamiento. Esta es, probablemente, la mayor sentencia que ha tenido un Ayuntamiento en toda Espa\u00f1a. Cuando hablamos de dos presupuestos y medio, es un poco para que la gente sea consciente de los millones que supone esa sentencia. No s\u00e9 c\u00f3mo lo vamos a plantear\u00bb.<\/p>   <p>Escoda ha atribuido toda la responsabilidad al alcalde y ha se\u00f1alado adem\u00e1s que no entiende su negativa hasta la fecha a negociar con los due\u00f1os del suelo, cuyo abogado apunta todav\u00eda a esa posibilidad. <\/p>   <p>     .c-w {         max-width: 662px;         width: 100%;         margin:12px 0 24px auto;         background: #00755E;         border-radius: 99px;         display: flex;         align-items: center;         justify-content: center;     }     .c-w:hover {         background-color:#6CB3A5;     }      .c-w a {         display: flex;         align-items: center;         justify-content: center;         padding: 6px 0;         width:100%;     }      .c-w img {         width: 24px;         margin-right: 12px;     }      .c-w p {         font: 18px\/30px Poppins;         text-align: center;         color: #fff;         margin: 0;     }      @media (max-width:444px) {         .c-w a {             padding: 4px 12px;         }          .c-w img {             width: 24px;             margin-right: 8px;         }          .c-w p {             font: 14px\/25px Poppins;         }     }      @media (max-width:335px) {         .c-w p {             font: 13px\/25px Poppins;         }     }  <div class=\"c-w\"> <a href=\"https:\/\/www.whatsapp.com\/channel\/0029Va633PF9WtC4l7XUzh1e\" rel=\"nofollow\" target=\"_blank\">         <img decoding=\"async\" src=\"https:\/\/cadenaser.com\/estaticos\/recursosgraficos\/responsive\/img\/ico-whatsapp.svg\" alt=\"Whatsapp\">         <p>\u00danete al <b>canal de WhatsApp<\/b> de la SER<\/p>     <\/a> <\/div><\/p> ","protected":false},"excerpt":{"rendered":"<p>Toni P\u00e9rez aplaza cualquier decisi\u00f3n a que los servicios jur\u00eddicos del Ayuntamiento exploren todas las v\u00edas<\/p>\n","protected":false},"author":0,"featured_media":13908,"comment_status":"open","ping_status":"open","sticky":false,"template":"","format":"standard","meta":{"_acf_changed":false,"footnotes":""},"categories":[1],"tags":[],"class_list":["post-13907","post","type-post","status-publish","format-standard","has-post-thumbnail","hentry","category-sin-categoria"],"acf":{"ser_id":"7N2DMRJZTFBA7MEIWB3GNYI4VI","ser_url":"https:\/\/cadenaser.com\/comunitat-valenciana\/2025\/04\/04\/condena-de-330-millones-a-benidorm-el-alcalde-confia-en-evitar-el-pago-y-el-psoe-pide-su-dimision-radio-benidorm\/"},"_links":{"self":[{"href":"https:\/\/serbenidorm.daliisolutions.com\/index.php\/wp-json\/wp\/v2\/posts\/13907","targetHints":{"allow":["GET"]}}],"collection":[{"href":"https:\/\/serbenidorm.daliisolutions.com\/index.php\/wp-json\/wp\/v2\/posts"}],"about":[{"href":"https:\/\/serbenidorm.daliisolutions.com\/index.php\/wp-json\/wp\/v2\/types\/post"}],"replies":[{"embeddable":true,"href":"https:\/\/serbenidorm.daliisolutions.com\/index.php\/wp-json\/wp\/v2\/comments?post=13907"}],"version-history":[{"count":0,"href":"https:\/\/serbenidorm.daliisolutions.com\/index.php\/wp-json\/wp\/v2\/posts\/13907\/revisions"}],"wp:featuredmedia":[{"embeddable":true,"href":"https:\/\/serbenidorm.daliisolutions.com\/index.php\/wp-json\/wp\/v2\/media\/13908"}],"wp:attachment":[{"href":"https:\/\/serbenidorm.daliisolutions.com\/index.php\/wp-json\/wp\/v2\/media?parent=13907"}],"wp:term":[{"taxonomy":"category","embeddable":true,"href":"https:\/\/serbenidorm.daliisolutions.com\/index.php\/wp-json\/wp\/v2\/categories?post=13907"},{"taxonomy":"post_tag","embeddable":true,"href":"https:\/\/serbenidorm.daliisolutions.com\/index.php\/wp-json\/wp\/v2\/tags?post=13907"}],"curies":[{"name":"wp","href":"https:\/\/api.w.org\/{rel}","templated":true}]}}