{"id":13969,"date":"2025-04-07T10:06:17","date_gmt":"2025-04-07T08:06:17","guid":{"rendered":"https:\/\/serbenidorm.daliisolutions.com\/index.php\/2025\/04\/07\/el-huesitos-la-vila-celebra-en-el-pantano-su-permanencia\/"},"modified":"2025-04-07T10:06:17","modified_gmt":"2025-04-07T08:06:17","slug":"el-huesitos-la-vila-celebra-en-el-pantano-su-permanencia","status":"publish","type":"post","link":"https:\/\/serbenidorm.daliisolutions.com\/index.php\/2025\/04\/07\/el-huesitos-la-vila-celebra-en-el-pantano-su-permanencia\/","title":{"rendered":"El Huesitos-La Vila celebra en El Pantano su permanencia"},"content":{"rendered":"  <p><div data-adtype=\"MLDB\"><\/div><\/p>   <p>Benidorm<\/p>   <p>El Huesitos-La Vila seguir\u00e1 un a\u00f1o m\u00e1s en la Divisi\u00f3n de Honor del rugby nacional. As\u00ed, apenas diecis\u00e9is palabras, podr\u00eda resumirse lo sucedido este domingo en el estadio del Pantano, donde el XV chocolatero se impuso con rotunda claridad a Les Abelles en un derbi auton\u00f3mico que cay\u00f3 del lado local por un abultad\u00edsimo 71-12.<\/p>   <p>Esa victoria, sumada a la conseguida en la tarde anterior por el Cisneros en el campo del Pozuelo, ha permitido al Huesitos-La Vila, un club que hace dos a\u00f1os estaba en absoluta descomposici\u00f3n, celebrar por todo lo alto y, sobre todo, ante su afici\u00f3n, la salvaci\u00f3n de un proyecto que, capitaneado ahora desde el despacho de presidente por Guill\u00e9m Carri\u00f3, no s\u00f3lo ha encontrado el camino de la estabilidad deportiva sino, sobre todo, ha vuelto a un modelo de gesti\u00f3n que, asentados por segundo a\u00f1o consecutivo en la m\u00e1xima categor\u00eda, hace so\u00f1ar con seguir sentando las bases para, en algunos a\u00f1os, volver a pelear por logros mucho mayores.<\/p>   <p>En cuanto a lo visto sobre el c\u00e9sped, el propio marcador final de 71-12 sirve como perfecta cr\u00f3nica de un choque en el que Les Abelles, equipo descendido matem\u00e1ticamente desde hace tiempo, no pudo responder en ning\u00fan momento a un Huesitos-La Vila que encarril\u00f3 el choque en la primera mitad, con una \u00faltima jugada que ya sentenci\u00f3 el domingo, y que en la segunda parte, sencillamente, se dedic\u00f3 a gustar y gustarse mientras en la grada se iban sucediendo las celebraciones por el triunfo de la jornada y por el objetivo de la temporada.<\/p>   <p>Todo ello convierte en pr\u00e1cticamente intrascendente el choque con el que el pr\u00f3ximo d\u00eda 27 de abril se cerrar\u00e1 el actual curso y que traer\u00e1 hasta El Pantano al Ordizia que, eso s\u00ed, vendr\u00e1 con mucho que ganar ya que podr\u00eda superar al Bar\u00e7a en su pugna por la segunda posici\u00f3n.<\/p> ","protected":false},"excerpt":{"rendered":"<p>El equipo de Hern\u00e1n \u2018Falu\u2019 Quirelli se impuso con claridad a Les Abelles y logra el objetivo de la temporada<\/p>\n","protected":false},"author":0,"featured_media":13970,"comment_status":"open","ping_status":"open","sticky":false,"template":"","format":"standard","meta":{"_acf_changed":false,"footnotes":""},"categories":[1],"tags":[],"class_list":["post-13969","post","type-post","status-publish","format-standard","has-post-thumbnail","hentry","category-sin-categoria"],"acf":{"ser_id":"FROIIVIMTRH4ZK23YNZP55BWMI","ser_url":"https:\/\/cadenaser.com\/comunitat-valenciana\/2025\/04\/06\/el-huesitos-la-vila-celebra-en-el-pantano-su-permanencia-radio-benidorm\/"},"_links":{"self":[{"href":"https:\/\/serbenidorm.daliisolutions.com\/index.php\/wp-json\/wp\/v2\/posts\/13969","targetHints":{"allow":["GET"]}}],"collection":[{"href":"https:\/\/serbenidorm.daliisolutions.com\/index.php\/wp-json\/wp\/v2\/posts"}],"about":[{"href":"https:\/\/serbenidorm.daliisolutions.com\/index.php\/wp-json\/wp\/v2\/types\/post"}],"replies":[{"embeddable":true,"href":"https:\/\/serbenidorm.daliisolutions.com\/index.php\/wp-json\/wp\/v2\/comments?post=13969"}],"version-history":[{"count":0,"href":"https:\/\/serbenidorm.daliisolutions.com\/index.php\/wp-json\/wp\/v2\/posts\/13969\/revisions"}],"wp:featuredmedia":[{"embeddable":true,"href":"https:\/\/serbenidorm.daliisolutions.com\/index.php\/wp-json\/wp\/v2\/media\/13970"}],"wp:attachment":[{"href":"https:\/\/serbenidorm.daliisolutions.com\/index.php\/wp-json\/wp\/v2\/media?parent=13969"}],"wp:term":[{"taxonomy":"category","embeddable":true,"href":"https:\/\/serbenidorm.daliisolutions.com\/index.php\/wp-json\/wp\/v2\/categories?post=13969"},{"taxonomy":"post_tag","embeddable":true,"href":"https:\/\/serbenidorm.daliisolutions.com\/index.php\/wp-json\/wp\/v2\/tags?post=13969"}],"curies":[{"name":"wp","href":"https:\/\/api.w.org\/{rel}","templated":true}]}}