{"id":13971,"date":"2025-04-07T10:06:18","date_gmt":"2025-04-07T08:06:18","guid":{"rendered":"https:\/\/serbenidorm.daliisolutions.com\/index.php\/2025\/04\/07\/la-nucia-vuelve-al-liderato-mientras-el-benidorm-no-despega\/"},"modified":"2025-04-07T10:06:18","modified_gmt":"2025-04-07T08:06:18","slug":"la-nucia-vuelve-al-liderato-mientras-el-benidorm-no-despega","status":"publish","type":"post","link":"https:\/\/serbenidorm.daliisolutions.com\/index.php\/2025\/04\/07\/la-nucia-vuelve-al-liderato-mientras-el-benidorm-no-despega\/","title":{"rendered":"La Nuc\u00eda vuelve al liderato mientras el Benidorm no despega"},"content":{"rendered":"  <p><div data-adtype=\"MLDB\"><\/div><\/p>   <p>Benidorm<\/p>   <p>El C.F. La Nuc\u00eda volvi\u00f3 a demostrar este domingo el buen momento de forma con el que el equipo de Berna Ballester ha llegado a esta parte final y decisiva de la temporada al imponerse por un claro 0-2 al Castellonense y con ello, aprovechando adem\u00e1s el empate del Castell\u00f3n B ante el Villarreal C (2-2), volver a colocarse en lo m\u00e1s alto de la clasificaci\u00f3n cuando ya s\u00f3lo restan cinco jornadas para el final de la competici\u00f3n.<\/p>   <p>Durante esas cinco jornadas los rojillos, que encadenan ya doce partidos (toda la segunda vuelta) sin conocer la derrota y que en este segundo tramo del curso sigue sumando n\u00fameros tan asombrosos como esa racha de 19 goles a favor por solo uno en contra y diez partidos sin encajar, deber\u00e1n mantener ese list\u00f3n si quieren evitarse la \u2018pr\u00f3rroga\u2019 de la fase de ascenso.<\/p>   <p>En una competici\u00f3n en la que s\u00f3lo el primer clasificado logra el ascenso directo y con 15 puntos todav\u00eda en juego, el hueco que tienen los nucieros con sus perseguidores m\u00e1s directos es todav\u00eda extremadamente exiguo y cualquier tropiezo puede poner en peligro ya no s\u00f3lo la primera plaza, sino la propia promoci\u00f3n de ascenso, aunque tambi\u00e9n es cierto que el calendario, con el derbi comarcal ante el Benidorm como \u00faltimo examen, parece bastante benigno para sus intereses.<\/p>   <p><b>El Benidorm no despega<\/b><\/p>   <p>Muy diferente est\u00e1 siendo la realidad en el Guillermo Amor. All\u00ed, la llegada de Javier Vidales en Navidad parec\u00eda haber devuelto al equipo a una din\u00e1mica m\u00e1s positiva (encadenando, incluso, tres victorias consecutivas) que, sin embargo, parece haberse roto ahora, al menos, en parte.<\/p>   <p>El C.F. Benidorm no gana desde el pasado 23 de febrero, cuando se impuso por 2-3 al Villarreal C y en las seis jornadas transcurridas desde entonces s\u00f3lo ha sumado tres de los 18 puntos posibles, el \u00faltimo de ellos, este domingo tras empatar a un gol ante el Atl\u00e9tico Saguntino en casa gracias al penalti transformado por Mi\u00f1ano en el minuto 83 de juego despu\u00e9s de que los visitantes se adelantaran por mediaci\u00f3n de Araujo.<\/p>   <p>     .c-w {         max-width: 662px;         width: 100%;         margin:12px 0 24px auto;         background: #00755E;         border-radius: 99px;         display: flex;         align-items: center;         justify-content: center;     }     .c-w:hover {         background-color:#6CB3A5;     }      .c-w a {         display: flex;         align-items: center;         justify-content: center;         padding: 6px 0;         width:100%;     }      .c-w img {         width: 24px;         margin-right: 12px;     }      .c-w p {         font: 18px\/30px Poppins;         text-align: center;         color: #fff;         margin: 0;     }      @media (max-width:444px) {         .c-w a {             padding: 4px 12px;         }          .c-w img {             width: 24px;             margin-right: 8px;         }          .c-w p {             font: 14px\/25px Poppins;         }     }      @media (max-width:335px) {         .c-w p {             font: 13px\/25px Poppins;         }     }  <div class=\"c-w\"> <a href=\"https:\/\/www.whatsapp.com\/channel\/0029Va633PF9WtC4l7XUzh1e\" rel=\"nofollow\" target=\"_blank\">         <img decoding=\"async\" src=\"https:\/\/cadenaser.com\/estaticos\/recursosgraficos\/responsive\/img\/ico-whatsapp.svg\" alt=\"Whatsapp\">         <p>\u00danete al <b>canal de WhatsApp<\/b> de la SER<\/p>     <\/a> <\/div><\/p>   <p>Los benidormenses se mantienen, por lo tanto, una jornada m\u00e1s en puestos de descenso a tres puntos de la salvaci\u00f3n.<\/p> ","protected":false},"excerpt":{"rendered":"<p>El equipo rojillo se impuso por 0-2 en la cancha del Castellonense | Los del Guillermo Amor suman un nuevo empate que sabe a poco<\/p>\n","protected":false},"author":0,"featured_media":13972,"comment_status":"open","ping_status":"open","sticky":false,"template":"","format":"standard","meta":{"_acf_changed":false,"footnotes":""},"categories":[16],"tags":[],"class_list":["post-13971","post","type-post","status-publish","format-standard","has-post-thumbnail","hentry","category-deportes"],"acf":{"ser_id":"566CN7TP3VA5LK5SQAYSSAZMP4","ser_url":"https:\/\/cadenaser.com\/comunitat-valenciana\/2025\/04\/06\/la-nucia-vuelve-al-liderato-mientras-el-benidorm-no-despega-radio-benidorm\/"},"_links":{"self":[{"href":"https:\/\/serbenidorm.daliisolutions.com\/index.php\/wp-json\/wp\/v2\/posts\/13971","targetHints":{"allow":["GET"]}}],"collection":[{"href":"https:\/\/serbenidorm.daliisolutions.com\/index.php\/wp-json\/wp\/v2\/posts"}],"about":[{"href":"https:\/\/serbenidorm.daliisolutions.com\/index.php\/wp-json\/wp\/v2\/types\/post"}],"replies":[{"embeddable":true,"href":"https:\/\/serbenidorm.daliisolutions.com\/index.php\/wp-json\/wp\/v2\/comments?post=13971"}],"version-history":[{"count":0,"href":"https:\/\/serbenidorm.daliisolutions.com\/index.php\/wp-json\/wp\/v2\/posts\/13971\/revisions"}],"wp:featuredmedia":[{"embeddable":true,"href":"https:\/\/serbenidorm.daliisolutions.com\/index.php\/wp-json\/wp\/v2\/media\/13972"}],"wp:attachment":[{"href":"https:\/\/serbenidorm.daliisolutions.com\/index.php\/wp-json\/wp\/v2\/media?parent=13971"}],"wp:term":[{"taxonomy":"category","embeddable":true,"href":"https:\/\/serbenidorm.daliisolutions.com\/index.php\/wp-json\/wp\/v2\/categories?post=13971"},{"taxonomy":"post_tag","embeddable":true,"href":"https:\/\/serbenidorm.daliisolutions.com\/index.php\/wp-json\/wp\/v2\/tags?post=13971"}],"curies":[{"name":"wp","href":"https:\/\/api.w.org\/{rel}","templated":true}]}}