{"id":13975,"date":"2025-04-07T10:06:21","date_gmt":"2025-04-07T08:06:21","guid":{"rendered":"https:\/\/serbenidorm.daliisolutions.com\/index.php\/2025\/04\/07\/el-club-esportiu-villa-blanca-se-queda-a-un-punto-de-la-gloria\/"},"modified":"2025-04-07T10:06:21","modified_gmt":"2025-04-07T08:06:21","slug":"el-club-esportiu-villa-blanca-se-queda-a-un-punto-de-la-gloria","status":"publish","type":"post","link":"https:\/\/serbenidorm.daliisolutions.com\/index.php\/2025\/04\/07\/el-club-esportiu-villa-blanca-se-queda-a-un-punto-de-la-gloria\/","title":{"rendered":"El Club Esportiu Villa Blanca se queda a un punto de la gloria"},"content":{"rendered":"  <p><div data-adtype=\"MLDB\"><\/div><\/p>   <p>Benidorm<\/p>   <p>El Casaltea Inmo, el equipo S\u00e9nior masculino del Club Esportiu Villa Blanca, se ha quedado este fin de semana a un solo paso de lograr un ascenso que rozaron con la punta de los dedos, pero que finalmente fue para el Onda, anfitri\u00f3n de los tres partidos decisivos del a\u00f1o y, a la postre, verdugo los alteanos.<\/p>   <p>El concurso del Casaltea Inmo en esa fase de ascenso disputada desde el viernes hasta el domingo en la localidad castellonense de Onda comenz\u00f3 de manera muy positiva para los alteanos, que en el primer choque se impon\u00edan al Igr Taurons por un igualad\u00edsimo 23-24 en un choque en el que ninguno de los dos equipos consigui\u00f3 distanciarse en ning\u00fan momento en el marcador y que, como corresponde a enfrentamientos con tanto en juego, se acab\u00f3 decidiendo en el \u00faltimo momento.<\/p>   <p>Gracias a esa victoria y al empate del Onda ante el Florida Universitaria, el Casaltea Inmo cerraba esa primera jornada en el liderato con un punto de ventaja sobre los anfitriones del torneo y sus siguientes rivales.<\/p>   <p>El partido entre el Casaltea Inmo y el Onda se celebr\u00f3 en la tarde del s\u00e1bado y ah\u00ed fueron los castellonenses los que demostraron estar un pasito por encima de los alteanos, llev\u00e1ndose el triunfo por 29-20 a pesar de que, nada m\u00e1s volver de los vestuarios tras el descanso, una buena reacci\u00f3n visitante hizo so\u00f1ar a los de Miguel Lled\u00f3 con dejar amarrado el objetivo final.<\/p>   <p>As\u00ed las cosas, y ya con el Onda por delante en la tabla, todo iba a depender de lo que sucediera en la ma\u00f1ana del domingo. Para hacerse con la \u00fanica plaza de ascenso, los chicos del Casaltea Inmo necesitaban no s\u00f3lo imponerse al Florida Universitaria, sino tambi\u00e9n un tropiezo, al menos en forma de empate, del Onda.<\/p>   <p>     .c-w {         max-width: 662px;         width: 100%;         margin:12px 0 24px auto;         background: #00755E;         border-radius: 99px;         display: flex;         align-items: center;         justify-content: center;     }     .c-w:hover {         background-color:#6CB3A5;     }      .c-w a {         display: flex;         align-items: center;         justify-content: center;         padding: 6px 0;         width:100%;     }      .c-w img {         width: 24px;         margin-right: 12px;     }      .c-w p {         font: 18px\/30px Poppins;         text-align: center;         color: #fff;         margin: 0;     }      @media (max-width:444px) {         .c-w a {             padding: 4px 12px;         }          .c-w img {             width: 24px;             margin-right: 8px;         }          .c-w p {             font: 14px\/25px Poppins;         }     }      @media (max-width:335px) {         .c-w p {             font: 13px\/25px Poppins;         }     }  <div class=\"c-w\"> <a href=\"https:\/\/www.whatsapp.com\/channel\/0029Va633PF9WtC4l7XUzh1e\" rel=\"nofollow\" target=\"_blank\">         <img decoding=\"async\" src=\"https:\/\/cadenaser.com\/estaticos\/recursosgraficos\/responsive\/img\/ico-whatsapp.svg\" alt=\"Whatsapp\">         <p>\u00danete al <b>canal de WhatsApp<\/b> de la SER<\/p>     <\/a> <\/div><\/p>   <p>En el primer partido de esa jornada matinal, el Casaltea Inmo cumpli\u00f3 con su cometido y se impuso por un contundente 28-22 a un rival que ya no ten\u00eda nada en juego, por lo que le trasladaba toda la presi\u00f3n a un Onda que se lo iba a jugar todo a una carta ante su p\u00fablico y frente al Ifr Taurons.<\/p>   <p>Sufrieron lo indecible los castellonenses, que fueron a remolque de su rival durante buena parte de la primera mitad, pero que ya en los minutos decisivos del choque supieron reaccionar para terminar anot\u00e1ndose la victoria por 28-26 y hacerse as\u00ed con el ascenso, dejando al Casaltea Inmo con la miel en los labios.<\/p> ","protected":false},"excerpt":{"rendered":"<p>La derrota del s\u00e1bado ante el Onda condena a los de Migue Lled\u00f3 a quedarse sin el ascenso<\/p>\n","protected":false},"author":0,"featured_media":13976,"comment_status":"open","ping_status":"open","sticky":false,"template":"","format":"standard","meta":{"_acf_changed":false,"footnotes":""},"categories":[16],"tags":[],"class_list":["post-13975","post","type-post","status-publish","format-standard","has-post-thumbnail","hentry","category-deportes"],"acf":{"ser_id":"7EV77LAMTBB3XASK6UXLJYZYDQ","ser_url":"https:\/\/cadenaser.com\/comunitat-valenciana\/2025\/04\/06\/el-club-esportiu-villa-blanca-se-queda-a-un-punto-de-la-gloria-radio-benidorm\/"},"_links":{"self":[{"href":"https:\/\/serbenidorm.daliisolutions.com\/index.php\/wp-json\/wp\/v2\/posts\/13975","targetHints":{"allow":["GET"]}}],"collection":[{"href":"https:\/\/serbenidorm.daliisolutions.com\/index.php\/wp-json\/wp\/v2\/posts"}],"about":[{"href":"https:\/\/serbenidorm.daliisolutions.com\/index.php\/wp-json\/wp\/v2\/types\/post"}],"replies":[{"embeddable":true,"href":"https:\/\/serbenidorm.daliisolutions.com\/index.php\/wp-json\/wp\/v2\/comments?post=13975"}],"version-history":[{"count":0,"href":"https:\/\/serbenidorm.daliisolutions.com\/index.php\/wp-json\/wp\/v2\/posts\/13975\/revisions"}],"wp:featuredmedia":[{"embeddable":true,"href":"https:\/\/serbenidorm.daliisolutions.com\/index.php\/wp-json\/wp\/v2\/media\/13976"}],"wp:attachment":[{"href":"https:\/\/serbenidorm.daliisolutions.com\/index.php\/wp-json\/wp\/v2\/media?parent=13975"}],"wp:term":[{"taxonomy":"category","embeddable":true,"href":"https:\/\/serbenidorm.daliisolutions.com\/index.php\/wp-json\/wp\/v2\/categories?post=13975"},{"taxonomy":"post_tag","embeddable":true,"href":"https:\/\/serbenidorm.daliisolutions.com\/index.php\/wp-json\/wp\/v2\/tags?post=13975"}],"curies":[{"name":"wp","href":"https:\/\/api.w.org\/{rel}","templated":true}]}}