{"id":13982,"date":"2025-04-07T14:09:28","date_gmt":"2025-04-07T12:09:28","guid":{"rendered":"https:\/\/serbenidorm.daliisolutions.com\/index.php\/2025\/04\/07\/benidorm-aprueba-el-contrato-para-disenar-la-reforma-del-colegio-ausias-march\/"},"modified":"2025-04-07T14:09:28","modified_gmt":"2025-04-07T12:09:28","slug":"benidorm-aprueba-el-contrato-para-disenar-la-reforma-del-colegio-ausias-march","status":"publish","type":"post","link":"https:\/\/serbenidorm.daliisolutions.com\/index.php\/2025\/04\/07\/benidorm-aprueba-el-contrato-para-disenar-la-reforma-del-colegio-ausias-march\/","title":{"rendered":"Benidorm aprueba el contrato para dise\u00f1ar la reforma del colegio Ausi\u00e0s March"},"content":{"rendered":"  <p><div data-adtype=\"MLDB\"><\/div><\/p>   <p>Benidorm<\/p>   <p>El Ayuntamiento de Benidorm ha aprobado este lunes en Junta de Gobierno sacar a licitaci\u00f3n el contrato de asistencia t\u00e9cnica para la redacci\u00f3n del proyecto y la direcci\u00f3n facultativa de la reforma del <a href=\"https:\/\/cadenaser.com\/tag\/benidorm\/a\/\" target=\"_blank\">colegio p\u00fablico de Infantil y Primaria Ausi\u00e0s March<\/a>. As\u00ed lo ha dado a conocer el alcalde de la ciudad, Toni P\u00e9rez, quien ha trasladado que \u201cse trata de un proyecto que est\u00e1 incluido en el Plan Edificant y que va a permitir resolver las deficiencias estructurales y de otro tipo que presenta este centro educativo\u201d. <\/p>   <p>La licitaci\u00f3n de este contrato de asistencia t\u00e9cnica tiene un presupuesto base de 167.860,83 euros IVA incluido y al mismo podr\u00e1n optar los interesados que cumplan con una serie de requisitos que se especifican en la propuesta, con el fin de acreditar su solvencia t\u00e9cnica y econ\u00f3mica y financiera.<\/p>  <p><p>M\u00e1s informaci\u00f3n<\/p><figure><img loading=\"lazy\" decoding=\"async\" src=\"https:\/\/cadenaser.com\/resizer\/v2\/4EZFACQYCJG7BN2FXHETH3TQOI.jpg?auth=deb4d8f98df692144a67871d3bc4d8f2de75b68bf7b9cd93a5292ab11abea8d9&amp;quality=70&amp;width=360&amp;height=202&amp;smart=true\" width=\"820\" height=\"621\" \/><\/figure><ul><li><a href=\"https:\/\/cadenaser.com\/comunitat-valenciana\/2025\/04\/04\/condena-de-330-millones-a-benidorm-el-alcalde-confia-en-evitar-el-pago-y-el-psoe-pide-su-dimision-radio-benidorm\/\"><span>Condena de 330 millones a Benidorm: el alcalde conf\u00eda en evitar el pago y el PSOE pide su dimisi\u00f3n<\/span><\/a><\/li><\/ul><\/p>   <p>Toni P\u00e9rez ha recordado que el Ayuntamiento de Benidorm asumi\u00f3 en el \u00faltimo trimestre del pasado a\u00f1o la delegaci\u00f3n de competencias por parte de la Conselleria de Educaci\u00f3n para ejecutar este proyecto, cuyas obras est\u00e1n valoradas en cerca de 2,1 millones de euros, por medio del Plan Edificant. <\/p>   <p>El mismo prev\u00e9 el \u201crefuerzo estructural, mejora de la envolvente, mejora de la eficiencia energ\u00e9tica, adecuaci\u00f3n de la accesibilidad, evacuaci\u00f3n, instalaciones y zonas comunes\u201d, atendiendo as\u00ed \u201cuna reivindicaci\u00f3n que el Ayuntamiento y la comunidad educativa ven\u00edamos reclamando de largo, pero que nunca fue atendida por la anterior Administraci\u00f3n auton\u00f3mica\u201d.<\/p>   <p>Un colegio que arrastra problemas<\/p>   <p>El CEIP Ausi\u00e0s March arrastra problemas de estructura que en su d\u00eda obligaron a apuntalar una parte de uno de sus aularios y a clausurar varias aulas debido a las grietas aparecidas como consecuencia del mal estado del forjado. P\u00e9rez ha se\u00f1alado que, adem\u00e1s de la licitaci\u00f3n de este contrato de asistencia t\u00e9cnica, \u201ctambi\u00e9n se est\u00e1 ejecutando ya el estudio geot\u00e9cnico\u201d en este centro educativo para conocer desde el punto de vista t\u00e9cnico el estado del suelo, de modo que \u201cestamos actuando desde distintos frentes para que las obras de este colegio sean una realidad en el menor plazo posible\u201d.<\/p>   <p>     .c-w {         max-width: 662px;         width: 100%;         margin:12px 0 24px auto;         background: #00755E;         border-radius: 99px;         display: flex;         align-items: center;         justify-content: center;     }     .c-w:hover {         background-color:#6CB3A5;     }      .c-w a {         display: flex;         align-items: center;         justify-content: center;         padding: 6px 0;         width:100%;     }      .c-w img {         width: 24px;         margin-right: 12px;     }      .c-w p {         font: 18px\/30px Poppins;         text-align: center;         color: #fff;         margin: 0;     }      @media (max-width:444px) {         .c-w a {             padding: 4px 12px;         }          .c-w img {             width: 24px;             margin-right: 8px;         }          .c-w p {             font: 14px\/25px Poppins;         }     }      @media (max-width:335px) {         .c-w p {             font: 13px\/25px Poppins;         }     }  <div class=\"c-w\"> <a href=\"https:\/\/www.whatsapp.com\/channel\/0029Va633PF9WtC4l7XUzh1e\" rel=\"nofollow\" target=\"_blank\">         <img decoding=\"async\" src=\"https:\/\/cadenaser.com\/estaticos\/recursosgraficos\/responsive\/img\/ico-whatsapp.svg\" alt=\"Whatsapp\">         <p>\u00danete al <b>canal de WhatsApp<\/b> de la SER<\/p>     <\/a> <\/div><\/p> ","protected":false},"excerpt":{"rendered":"<p>El Ayuntamiento licitar\u00e1 la asistencia t\u00e9cnica para redactar el proyecto y dirigir las obras por m\u00e1s de 160.000 euros<\/p>\n","protected":false},"author":0,"featured_media":13983,"comment_status":"open","ping_status":"open","sticky":false,"template":"","format":"standard","meta":{"_acf_changed":false,"footnotes":""},"categories":[1],"tags":[],"class_list":["post-13982","post","type-post","status-publish","format-standard","has-post-thumbnail","hentry","category-sin-categoria"],"acf":{"ser_id":"ZHMYHPN5KNDWTNCWV77SOGWEZY","ser_url":"https:\/\/cadenaser.com\/comunitat-valenciana\/2025\/04\/07\/benidorm-aprueba-el-contrato-para-disenar-la-reforma-del-colegio-ausias-march-radio-benidorm\/"},"_links":{"self":[{"href":"https:\/\/serbenidorm.daliisolutions.com\/index.php\/wp-json\/wp\/v2\/posts\/13982","targetHints":{"allow":["GET"]}}],"collection":[{"href":"https:\/\/serbenidorm.daliisolutions.com\/index.php\/wp-json\/wp\/v2\/posts"}],"about":[{"href":"https:\/\/serbenidorm.daliisolutions.com\/index.php\/wp-json\/wp\/v2\/types\/post"}],"replies":[{"embeddable":true,"href":"https:\/\/serbenidorm.daliisolutions.com\/index.php\/wp-json\/wp\/v2\/comments?post=13982"}],"version-history":[{"count":0,"href":"https:\/\/serbenidorm.daliisolutions.com\/index.php\/wp-json\/wp\/v2\/posts\/13982\/revisions"}],"wp:featuredmedia":[{"embeddable":true,"href":"https:\/\/serbenidorm.daliisolutions.com\/index.php\/wp-json\/wp\/v2\/media\/13983"}],"wp:attachment":[{"href":"https:\/\/serbenidorm.daliisolutions.com\/index.php\/wp-json\/wp\/v2\/media?parent=13982"}],"wp:term":[{"taxonomy":"category","embeddable":true,"href":"https:\/\/serbenidorm.daliisolutions.com\/index.php\/wp-json\/wp\/v2\/categories?post=13982"},{"taxonomy":"post_tag","embeddable":true,"href":"https:\/\/serbenidorm.daliisolutions.com\/index.php\/wp-json\/wp\/v2\/tags?post=13982"}],"curies":[{"name":"wp","href":"https:\/\/api.w.org\/{rel}","templated":true}]}}