{"id":13984,"date":"2025-04-07T14:09:29","date_gmt":"2025-04-07T12:09:29","guid":{"rendered":"https:\/\/serbenidorm.daliisolutions.com\/index.php\/2025\/04\/07\/fiscalia-pide-16-anos-de-carcel-a-un-hombre-por-violar-a-su-expareja-y-quebrantar-la-orden-de-alejamiento-en-benidorm\/"},"modified":"2025-04-07T14:09:29","modified_gmt":"2025-04-07T12:09:29","slug":"fiscalia-pide-16-anos-de-carcel-a-un-hombre-por-violar-a-su-expareja-y-quebrantar-la-orden-de-alejamiento-en-benidorm","status":"publish","type":"post","link":"https:\/\/serbenidorm.daliisolutions.com\/index.php\/2025\/04\/07\/fiscalia-pide-16-anos-de-carcel-a-un-hombre-por-violar-a-su-expareja-y-quebrantar-la-orden-de-alejamiento-en-benidorm\/","title":{"rendered":"Fiscal\u00eda pide 16 a\u00f1os de c\u00e1rcel a un hombre por violar a su expareja y quebrantar la orden de alejamiento en Benidorm"},"content":{"rendered":"  <p><div data-adtype=\"MLDB\"><\/div><\/p>   <p>Benidorm<\/p>   <p>Este lunes est\u00e1 previsto el inicio en la Audiencia Provincial de Alicante del juicio a un hombre acusado de forzar sexualmente su expareja sentimental, respecto de la que ten\u00eda una <a href=\"https:\/\/cadenaser.com\/tag\/benidorm\/a\/\" target=\"_blank\">medida cautelar de alejamiento dictada por un juzgado de Benidorm<\/a>. <\/p>   <p>Los hechos, seg\u00fan ha relatado el Tribunal Superior de Justicia de la Comunitat Valenciana (TSJCV), ocurrieron el 2 de julio de 2023 cuando el encausado, que conoc\u00eda la prohibici\u00f3n de acercarse a su expareja, fue hasta la casa de ella, en la misma ciudad, y le propuso mantener relaciones sexuales. <\/p>   <p>La v\u00edctima se neg\u00f3 y pese a ello, seg\u00fan el Ministerio Fiscal, el hombre la agredi\u00f3 sexualmente. D\u00edas despu\u00e9s, el 19 de julio de 2023, volvi\u00f3 a la vivienda y llam\u00f3 varias veces al timbre de la casa. La Fiscal\u00eda solicita una pena de prisi\u00f3n de 16 a\u00f1os por un delito continuado de quebrantamiento de medida cautelar y otro de agresi\u00f3n sexual.<\/p> ","protected":false},"excerpt":{"rendered":"<p>Ocurri\u00f3 hace menos de dos a\u00f1os<\/p>\n","protected":false},"author":0,"featured_media":13985,"comment_status":"open","ping_status":"open","sticky":false,"template":"","format":"standard","meta":{"_acf_changed":false,"footnotes":""},"categories":[1],"tags":[],"class_list":["post-13984","post","type-post","status-publish","format-standard","has-post-thumbnail","hentry","category-sin-categoria"],"acf":{"ser_id":"QGJ7CCYM3VFMPDXFUSJ4DEAAJA","ser_url":"https:\/\/cadenaser.com\/comunitat-valenciana\/2025\/04\/07\/fiscalia-pide-16-anos-de-carcel-a-un-hombre-por-violar-a-su-expareja-y-quebrantar-la-orden-de-alejamiento-en-benidorm-radio-benidorm\/"},"_links":{"self":[{"href":"https:\/\/serbenidorm.daliisolutions.com\/index.php\/wp-json\/wp\/v2\/posts\/13984","targetHints":{"allow":["GET"]}}],"collection":[{"href":"https:\/\/serbenidorm.daliisolutions.com\/index.php\/wp-json\/wp\/v2\/posts"}],"about":[{"href":"https:\/\/serbenidorm.daliisolutions.com\/index.php\/wp-json\/wp\/v2\/types\/post"}],"replies":[{"embeddable":true,"href":"https:\/\/serbenidorm.daliisolutions.com\/index.php\/wp-json\/wp\/v2\/comments?post=13984"}],"version-history":[{"count":0,"href":"https:\/\/serbenidorm.daliisolutions.com\/index.php\/wp-json\/wp\/v2\/posts\/13984\/revisions"}],"wp:featuredmedia":[{"embeddable":true,"href":"https:\/\/serbenidorm.daliisolutions.com\/index.php\/wp-json\/wp\/v2\/media\/13985"}],"wp:attachment":[{"href":"https:\/\/serbenidorm.daliisolutions.com\/index.php\/wp-json\/wp\/v2\/media?parent=13984"}],"wp:term":[{"taxonomy":"category","embeddable":true,"href":"https:\/\/serbenidorm.daliisolutions.com\/index.php\/wp-json\/wp\/v2\/categories?post=13984"},{"taxonomy":"post_tag","embeddable":true,"href":"https:\/\/serbenidorm.daliisolutions.com\/index.php\/wp-json\/wp\/v2\/tags?post=13984"}],"curies":[{"name":"wp","href":"https:\/\/api.w.org\/{rel}","templated":true}]}}