{"id":13986,"date":"2025-04-07T14:09:30","date_gmt":"2025-04-07T12:09:30","guid":{"rendered":"https:\/\/serbenidorm.daliisolutions.com\/index.php\/2025\/04\/07\/un-hombre-fallece-mientras-hacia-senderismo-tras-desplomarse-en-una-ruta-en-benimantell\/"},"modified":"2025-04-07T14:09:30","modified_gmt":"2025-04-07T12:09:30","slug":"un-hombre-fallece-mientras-hacia-senderismo-tras-desplomarse-en-una-ruta-en-benimantell","status":"publish","type":"post","link":"https:\/\/serbenidorm.daliisolutions.com\/index.php\/2025\/04\/07\/un-hombre-fallece-mientras-hacia-senderismo-tras-desplomarse-en-una-ruta-en-benimantell\/","title":{"rendered":"Un hombre fallece mientras hac\u00eda  senderismo tras desplomarse en una ruta en Benimantell"},"content":{"rendered":"  <p><div data-adtype=\"MLDB\"><\/div><\/p>   <p>Alicante <\/p>   <p>Un hombre ha fallecido este domingo mientras realizaba senderismo en el Camino de Sanxet, en la localidad de Benimantell. <\/p>   <p>Seg\u00fan ha informado el Consorcio Provincial de Bomberos de Alicante, el var\u00f3n, de entre 40 y 50 a\u00f1os, tuvo s\u00edntomas de mareo, quedando inconsciente y desplom\u00e1ndose. <\/p>   <p>Se moviliz\u00f3 un grupo de rescate de monta\u00f1a, con un helic\u00f3ptero Alpha 01, debido a la dif\u00edcil orograf\u00eda del terreno. <\/p>   <p>A la llegada a la zona, los rescatistas iniciaron las maniobras de Reanimaci\u00f3n Cardiopulmonar para tratar de reanimar al hombre, pero no se pudo hacer nada para salvarle la vida. <\/p> ","protected":false},"excerpt":{"rendered":"<p>A la llegada a la zona, los rescatistas iniciaron las maniobras de Reanimaci\u00f3n Cardiopulmonar para tratar de reanimar al hombre, pero no se pudo hacer nada para salvarle la vida<\/p>\n","protected":false},"author":0,"featured_media":13987,"comment_status":"open","ping_status":"open","sticky":false,"template":"","format":"standard","meta":{"_acf_changed":false,"footnotes":""},"categories":[1],"tags":[],"class_list":["post-13986","post","type-post","status-publish","format-standard","has-post-thumbnail","hentry","category-sin-categoria"],"acf":{"ser_id":"HCDKAXYCRRDTRDVF6CCX4DDI3Q","ser_url":"https:\/\/cadenaser.com\/comunitat-valenciana\/2025\/04\/06\/un-hombre-fallece-mientras-hacia-senderismo-tras-desplomarse-en-una-ruta-en-benimantell-radio-alicante\/"},"_links":{"self":[{"href":"https:\/\/serbenidorm.daliisolutions.com\/index.php\/wp-json\/wp\/v2\/posts\/13986","targetHints":{"allow":["GET"]}}],"collection":[{"href":"https:\/\/serbenidorm.daliisolutions.com\/index.php\/wp-json\/wp\/v2\/posts"}],"about":[{"href":"https:\/\/serbenidorm.daliisolutions.com\/index.php\/wp-json\/wp\/v2\/types\/post"}],"replies":[{"embeddable":true,"href":"https:\/\/serbenidorm.daliisolutions.com\/index.php\/wp-json\/wp\/v2\/comments?post=13986"}],"version-history":[{"count":0,"href":"https:\/\/serbenidorm.daliisolutions.com\/index.php\/wp-json\/wp\/v2\/posts\/13986\/revisions"}],"wp:featuredmedia":[{"embeddable":true,"href":"https:\/\/serbenidorm.daliisolutions.com\/index.php\/wp-json\/wp\/v2\/media\/13987"}],"wp:attachment":[{"href":"https:\/\/serbenidorm.daliisolutions.com\/index.php\/wp-json\/wp\/v2\/media?parent=13986"}],"wp:term":[{"taxonomy":"category","embeddable":true,"href":"https:\/\/serbenidorm.daliisolutions.com\/index.php\/wp-json\/wp\/v2\/categories?post=13986"},{"taxonomy":"post_tag","embeddable":true,"href":"https:\/\/serbenidorm.daliisolutions.com\/index.php\/wp-json\/wp\/v2\/tags?post=13986"}],"curies":[{"name":"wp","href":"https:\/\/api.w.org\/{rel}","templated":true}]}}