{"id":14013,"date":"2025-04-08T14:02:34","date_gmt":"2025-04-08T12:02:34","guid":{"rendered":"https:\/\/serbenidorm.daliisolutions.com\/index.php\/2025\/04\/08\/las-obras-del-ies-pere-maria-orts-y-bosch-empezaran-a-final-de-mes-y-terminaran-en-el-segundo-semestre-de-2026\/"},"modified":"2025-04-08T14:02:34","modified_gmt":"2025-04-08T12:02:34","slug":"las-obras-del-ies-pere-maria-orts-y-bosch-empezaran-a-final-de-mes-y-terminaran-en-el-segundo-semestre-de-2026","status":"publish","type":"post","link":"https:\/\/serbenidorm.daliisolutions.com\/index.php\/2025\/04\/08\/las-obras-del-ies-pere-maria-orts-y-bosch-empezaran-a-final-de-mes-y-terminaran-en-el-segundo-semestre-de-2026\/","title":{"rendered":"Las obras del IES Pere Maria Orts y Bosch empezar\u00e1n a final de mes y terminar\u00e1n en el segundo semestre de 2026"},"content":{"rendered":"  <p><div data-adtype=\"MLDB\"><\/div><\/p>   <p>Benidorm<\/p>   <p>La Conselleria de Educaci\u00f3nprev\u00e9 iniciar a finales de este mes de abril las obras de reposici\u00f3n del instituto Pere Maria Orts i Bosch, que permitir\u00e1n la finalizaci\u00f3n la reforma y ampliaci\u00f3n de este centro educativo tras a\u00f1os con los trabajos paralizados, as\u00ed como la <a href=\"https:\/\/cadenaser.com\/tag\/benidorm\/a\/\" target=\"_blank\">eliminaci\u00f3n de las aulas prefabricadas en las que estudia parte del alumnado<\/a>. <\/p>   <p>El departamento que dirige el conseller Jos\u00e9 Antonio Rovira ha formalizado ya la adjudicaci\u00f3n de este proyecto por concurso p\u00fablico a la mercantil Vialterra Infraestructuras por un presupuesto de 12.888.556,50 euros, impuestos incluidos, y un plazo de ejecuci\u00f3n de 18 meses. El importe de adjudicaci\u00f3n se divide en dos anualidades: 8.272.008,67 euros previstos para este 2025 y los 4.616.547,83 euros restantes para 2026.<\/p>  <p><p>M\u00e1s informaci\u00f3n<\/p><figure><img loading=\"lazy\" decoding=\"async\" src=\"https:\/\/cadenaser.com\/resizer\/v2\/2XYJIHRXR5GF3GE4GTTLMS7BO4.jpg?auth=331f281165ee668bac19d0ec9aa9d526eb8262f84b5607342c09f32879a6902e&amp;quality=70&amp;width=360&amp;height=202&amp;smart=true\" width=\"820\" height=\"621\" \/><\/figure><ul><li><a href=\"https:\/\/cadenaser.com\/comunitat-valenciana\/2025\/04\/07\/benidorm-aprueba-el-contrato-para-disenar-la-reforma-del-colegio-ausias-march-radio-benidorm\/\"><span>Benidorm aprueba el contrato para dise\u00f1ar la reforma del colegio Ausi\u00e0s March<\/span><\/a><\/li><\/ul><\/p>   <p>El alcalde de la ciudad Toni P\u00e9rez ha recordado que \u201cdesde el primer minuto, el conseller Rovira se comprometi\u00f3 a realizar todo lo necesario para finalizar el IES Pere Maria\u201d y que, desde entonces, \u201cse ha ido concretando toda la parte administrativa, contractual, de redacci\u00f3n y licitaci\u00f3n del proyecto\u201d para este centro de Secundaria, Bachillerato y Ciclos Formativos. <\/p>   <p>Sobre el proyecto<\/p>   <p>El \u00faltimo proyecto aprobado y adjudicado prev\u00e9 la demolici\u00f3n del antiguo aulario construido en los a\u00f1os 70, que presenta da\u00f1os estructurales, y la construcci\u00f3n de uno nuevo en su lugar, que estar\u00e1 ubicado en paralelo al que se construy\u00f3 durante el curso 2009-2010 y que tambi\u00e9n ser\u00e1 objeto de mejora y actualizaci\u00f3n. En total, la superficie construida ser\u00e1 de 11.029 metros cuadrados y la correspondiente a los espacios libres a disposici\u00f3n del alumnado, de 9.063 metros cuadrados. En ella se incluyen zonas de juego para Secundaria, jardines, pistas polideportivas, porches y un huerto.<\/p>   <p>El nuevo edificio estar\u00e1 compuesto de tres plantas sobre rasante, planta baja m\u00e1s dos alturas, donde se alojar\u00e1n espacios docentes, servicios generales, servicios higi\u00e9nicos, espacios administrativos del propio centro y otros que contemplan usos complementarios. El centro estar\u00e1 formado por tres vol\u00famenes: dos grandes cuerpos de edificaci\u00f3n en paralelo conectados por pasarelas y el gimnasio preexistente. Adem\u00e1s, contar\u00e1 con 20 aulas de Educaci\u00f3n Secundaria Obligatoria, ocho de Bachillerato, dos adicionales de Educaci\u00f3n Secundaria y ocho para Ciclos Formativos, as\u00ed como una cafeter\u00eda y una vivienda para el conserje.<\/p>   <p>     .c-w {         max-width: 662px;         width: 100%;         margin:12px 0 24px auto;         background: #00755E;         border-radius: 99px;         display: flex;         align-items: center;         justify-content: center;     }     .c-w:hover {         background-color:#6CB3A5;     }      .c-w a {         display: flex;         align-items: center;         justify-content: center;         padding: 6px 0;         width:100%;     }      .c-w img {         width: 24px;         margin-right: 12px;     }      .c-w p {         font: 18px\/30px Poppins;         text-align: center;         color: #fff;         margin: 0;     }      @media (max-width:444px) {         .c-w a {             padding: 4px 12px;         }          .c-w img {             width: 24px;             margin-right: 8px;         }          .c-w p {             font: 14px\/25px Poppins;         }     }      @media (max-width:335px) {         .c-w p {             font: 13px\/25px Poppins;         }     }  <div class=\"c-w\"> <a href=\"https:\/\/www.whatsapp.com\/channel\/0029Va633PF9WtC4l7XUzh1e\" rel=\"nofollow\" target=\"_blank\">         <img decoding=\"async\" src=\"https:\/\/cadenaser.com\/estaticos\/recursosgraficos\/responsive\/img\/ico-whatsapp.svg\" alt=\"Whatsapp\">         <p>\u00danete al <b>canal de WhatsApp<\/b> de la SER<\/p>     <\/a> <\/div><\/p>   <p>Los sistemas constructivos empleados garantizan el cumplimiento de los m\u00e1s modernos est\u00e1ndares energ\u00e9ticos definidos por la normativa vigente. En cuanto a las instalaciones, se ha proyectado un sistema de climatizaci\u00f3n por aire acondicionado mediante Unidades de Tratamiento de Aire (UTAs) para todas las estancias con capacidad fr\u00edo-calor y ventilaci\u00f3n, garantizando una correcta renovaci\u00f3n del aire. Igualmente, se ha proyectado un sistema por medio de equipos de aerotermia para el suministro de agua caliente sanitaria en el gimnasio y la cafeter\u00eda, as\u00ed como la instalaci\u00f3n de placas fotovoltaicas que permitan dotar al centro de energ\u00eda renovable.<\/p> ","protected":false},"excerpt":{"rendered":"<p>Seg\u00fan los plazos comunicados por la Generalitat Valenciana para poner fin a los barracones<\/p>\n","protected":false},"author":0,"featured_media":14014,"comment_status":"open","ping_status":"open","sticky":false,"template":"","format":"standard","meta":{"_acf_changed":false,"footnotes":""},"categories":[1],"tags":[],"class_list":["post-14013","post","type-post","status-publish","format-standard","has-post-thumbnail","hentry","category-sin-categoria"],"acf":{"ser_id":"2CGE632E6FF73K2KO5M2ERJV3U","ser_url":"https:\/\/cadenaser.com\/comunitat-valenciana\/2025\/04\/08\/las-obras-del-ies-pere-maria-orts-y-bosch-empezaran-a-final-de-mes-y-terminaran-en-el-segundo-semestre-de-2026-radio-benidorm\/"},"_links":{"self":[{"href":"https:\/\/serbenidorm.daliisolutions.com\/index.php\/wp-json\/wp\/v2\/posts\/14013","targetHints":{"allow":["GET"]}}],"collection":[{"href":"https:\/\/serbenidorm.daliisolutions.com\/index.php\/wp-json\/wp\/v2\/posts"}],"about":[{"href":"https:\/\/serbenidorm.daliisolutions.com\/index.php\/wp-json\/wp\/v2\/types\/post"}],"replies":[{"embeddable":true,"href":"https:\/\/serbenidorm.daliisolutions.com\/index.php\/wp-json\/wp\/v2\/comments?post=14013"}],"version-history":[{"count":0,"href":"https:\/\/serbenidorm.daliisolutions.com\/index.php\/wp-json\/wp\/v2\/posts\/14013\/revisions"}],"wp:featuredmedia":[{"embeddable":true,"href":"https:\/\/serbenidorm.daliisolutions.com\/index.php\/wp-json\/wp\/v2\/media\/14014"}],"wp:attachment":[{"href":"https:\/\/serbenidorm.daliisolutions.com\/index.php\/wp-json\/wp\/v2\/media?parent=14013"}],"wp:term":[{"taxonomy":"category","embeddable":true,"href":"https:\/\/serbenidorm.daliisolutions.com\/index.php\/wp-json\/wp\/v2\/categories?post=14013"},{"taxonomy":"post_tag","embeddable":true,"href":"https:\/\/serbenidorm.daliisolutions.com\/index.php\/wp-json\/wp\/v2\/tags?post=14013"}],"curies":[{"name":"wp","href":"https:\/\/api.w.org\/{rel}","templated":true}]}}