{"id":14017,"date":"2025-04-08T14:02:40","date_gmt":"2025-04-08T12:02:40","guid":{"rendered":"https:\/\/serbenidorm.daliisolutions.com\/index.php\/2025\/04\/08\/benidorm-amanece-envuelta-por-la-calima-hasta-cuando-va-a-durar\/"},"modified":"2025-04-08T14:02:40","modified_gmt":"2025-04-08T12:02:40","slug":"benidorm-amanece-envuelta-por-la-calima-hasta-cuando-va-a-durar","status":"publish","type":"post","link":"https:\/\/serbenidorm.daliisolutions.com\/index.php\/2025\/04\/08\/benidorm-amanece-envuelta-por-la-calima-hasta-cuando-va-a-durar\/","title":{"rendered":"Benidorm amanece envuelta por la calima: \u00bfHasta cu\u00e1ndo va a durar?"},"content":{"rendered":"  <p><div data-adtype=\"MLDB\"><\/div><\/p>   <p>Benidorm<\/p>   <p>Aunque la semana ha comenzado marcada por la estabilidad, el calor y los cielos despejados en Benidorm, la ciudad ha despertado este martes con un ambiente turbio y un cielo te\u00f1ido de gris debido a un episodio de calima y polvo en suspensi\u00f3n que afecta a gran parte del litoral mediterr\u00e1neo.<\/p>   <p>Desde primera hora de la ma\u00f1ana la visibilidad se ha visto reducida y una ligera capa de polvo se ha depositado sobre coches o terrazas. Vecinos y turistas han empezado a notar a su vez una sensaci\u00f3n de aire denso y seco y entre personas con afecciones respiratorias previas puede llegar a generar incluso molestias leves.<\/p>   <p>El meteor\u00f3logo de <a href=\"https:\/\/cadenaser.com\/tag\/benidorm\/a\/\" target=\"_blank\">Radio Benidorm<\/a>, Llu\u00eds Franc\u00e9s, ha explicado que este fen\u00f3meno se debe a la entrada de una masa de aire procedente del norte de \u00c1frica, que ha arrastrado part\u00edculas de polvo sahariano hacia el sureste peninsular. Se espera que la situaci\u00f3n contin\u00fae durante las pr\u00f3ximas horas e incluso d\u00edas comenzando a remitir, seg\u00fan los modelos, a partir de s\u00e1bado.<\/p>  <p><p>M\u00e1s informaci\u00f3n<\/p><figure><img loading=\"lazy\" decoding=\"async\" src=\"https:\/\/cadenaser.com\/resizer\/v2\/2XYJIHRXR5GF3GE4GTTLMS7BO4.jpg?auth=331f281165ee668bac19d0ec9aa9d526eb8262f84b5607342c09f32879a6902e&amp;quality=70&amp;width=360&amp;height=202&amp;smart=true\" width=\"820\" height=\"621\" \/><\/figure><ul><li><a href=\"https:\/\/cadenaser.com\/comunitat-valenciana\/2025\/04\/07\/benidorm-aprueba-el-contrato-para-disenar-la-reforma-del-colegio-ausias-march-radio-benidorm\/\"><span>Benidorm aprueba el contrato para dise\u00f1ar la reforma del colegio Ausi\u00e0s March<\/span><\/a><\/li><\/ul><\/p>   <p>Durante estos episodios los expertos recomiendan evitar actividades f\u00edsicas al aire libre, mantener las ventanas cerradas y utilizar mascarillas si es necesario salir a la calle.<\/p>   <p>El tiempo en la Marina Baixa durante esta semana<\/p>   <p>M\u00e1s all\u00e1 del polvo en suspensi\u00f3n, los pr\u00f3ximos d\u00edas van a estar marcados en la comarca por el sol, pocas nubes y temperaturas entre los 15 y 20 grados en la mayor\u00eda de puntos y durante gran parte de las jornadas hasta el fin de semana, cuando el tiempo se va a inestabilizar y se prev\u00e9n precipitaciones, en este momento seg\u00fan la Agencia Estatal de Meteorolog\u00eda (AEMET), con una probabilidad de entre el 80 % y el 90 %.<\/p>   <p>     .c-w {         max-width: 662px;         width: 100%;         margin:12px 0 24px auto;         background: #00755E;         border-radius: 99px;         display: flex;         align-items: center;         justify-content: center;     }     .c-w:hover {         background-color:#6CB3A5;     }      .c-w a {         display: flex;         align-items: center;         justify-content: center;         padding: 6px 0;         width:100%;     }      .c-w img {         width: 24px;         margin-right: 12px;     }      .c-w p {         font: 18px\/30px Poppins;         text-align: center;         color: #fff;         margin: 0;     }      @media (max-width:444px) {         .c-w a {             padding: 4px 12px;         }          .c-w img {             width: 24px;             margin-right: 8px;         }          .c-w p {             font: 14px\/25px Poppins;         }     }      @media (max-width:335px) {         .c-w p {             font: 13px\/25px Poppins;         }     }  <div class=\"c-w\"> <a href=\"https:\/\/www.whatsapp.com\/channel\/0029Va633PF9WtC4l7XUzh1e\" rel=\"nofollow\" target=\"_blank\">         <img decoding=\"async\" src=\"https:\/\/cadenaser.com\/estaticos\/recursosgraficos\/responsive\/img\/ico-whatsapp.svg\" alt=\"Whatsapp\">         <p>\u00danete al <b>canal de WhatsApp<\/b> de la SER<\/p>     <\/a> <\/div><\/p> ","protected":false},"excerpt":{"rendered":"<p>Nuevo episodio de polvo en suspensi\u00f3n procedente del norte de \u00c1frica<\/p>\n","protected":false},"author":0,"featured_media":14018,"comment_status":"open","ping_status":"open","sticky":false,"template":"","format":"standard","meta":{"_acf_changed":false,"footnotes":""},"categories":[1],"tags":[],"class_list":["post-14017","post","type-post","status-publish","format-standard","has-post-thumbnail","hentry","category-sin-categoria"],"acf":{"ser_id":"L23VTEFJCFEJDCBNEJWTO23AEU","ser_url":"https:\/\/cadenaser.com\/comunitat-valenciana\/2025\/04\/08\/benidorm-amanece-envuelta-por-la-calima-radio-benidorm\/"},"_links":{"self":[{"href":"https:\/\/serbenidorm.daliisolutions.com\/index.php\/wp-json\/wp\/v2\/posts\/14017","targetHints":{"allow":["GET"]}}],"collection":[{"href":"https:\/\/serbenidorm.daliisolutions.com\/index.php\/wp-json\/wp\/v2\/posts"}],"about":[{"href":"https:\/\/serbenidorm.daliisolutions.com\/index.php\/wp-json\/wp\/v2\/types\/post"}],"replies":[{"embeddable":true,"href":"https:\/\/serbenidorm.daliisolutions.com\/index.php\/wp-json\/wp\/v2\/comments?post=14017"}],"version-history":[{"count":0,"href":"https:\/\/serbenidorm.daliisolutions.com\/index.php\/wp-json\/wp\/v2\/posts\/14017\/revisions"}],"wp:featuredmedia":[{"embeddable":true,"href":"https:\/\/serbenidorm.daliisolutions.com\/index.php\/wp-json\/wp\/v2\/media\/14018"}],"wp:attachment":[{"href":"https:\/\/serbenidorm.daliisolutions.com\/index.php\/wp-json\/wp\/v2\/media?parent=14017"}],"wp:term":[{"taxonomy":"category","embeddable":true,"href":"https:\/\/serbenidorm.daliisolutions.com\/index.php\/wp-json\/wp\/v2\/categories?post=14017"},{"taxonomy":"post_tag","embeddable":true,"href":"https:\/\/serbenidorm.daliisolutions.com\/index.php\/wp-json\/wp\/v2\/tags?post=14017"}],"curies":[{"name":"wp","href":"https:\/\/api.w.org\/{rel}","templated":true}]}}