{"id":14029,"date":"2025-04-08T14:35:29","date_gmt":"2025-04-08T12:35:29","guid":{"rendered":"https:\/\/serbenidorm.daliisolutions.com\/index.php\/2025\/04\/08\/el-balonmano-benidorm-celebra-los-700-anos-de-la-ciudad-con-una-camiseta-unica\/"},"modified":"2025-04-08T14:35:29","modified_gmt":"2025-04-08T12:35:29","slug":"el-balonmano-benidorm-celebra-los-700-anos-de-la-ciudad-con-una-camiseta-unica","status":"publish","type":"post","link":"https:\/\/serbenidorm.daliisolutions.com\/index.php\/2025\/04\/08\/el-balonmano-benidorm-celebra-los-700-anos-de-la-ciudad-con-una-camiseta-unica\/","title":{"rendered":"El Balonmano Benidorm celebra los 700 a\u00f1os de la ciudad con una camiseta \u00fanica"},"content":{"rendered":"  <p><div data-adtype=\"MLDB\"><\/div><\/p>   <p>Benidorm<\/p>   <p>El pr\u00f3ximo s\u00e1bado (19:00 horas) el Servigroup Hoteles Benidorm recibe en el Palau d\u2019Esports al Bar\u00e7a en ese partido que cada a\u00f1o permite a los aficionados so\u00f1ar (con m\u00e1s o menos convencimiento) con doblegar al mejor equipo del mundo y, sobre todo, ver en persona a algunos de los mejores jugadores del planeta en acci\u00f3n.<\/p>   <p>Para esta ocasi\u00f3n, adem\u00e1s, la directiva del Club Balonmano Benidorm ha querido tener un precioso gesto con la ciudad y con su historia elaborando una camiseta de edici\u00f3n especial, que s\u00f3lo se usar\u00e1 en el duelo ante el conjunto cul\u00e9, que lucir\u00e1 el logotipo del 700 aniversario de la fundaci\u00f3n de Benidorm en el pecho.<\/p>   <p>La iniciativa, que ya fue adelantada por redes sociales la pasada semana, ha sido presentada oficialmente hoy en el Ayuntamiento. All\u00ed, Jacobo Balongo, presidente del Club Balonmano Benidorm, y Pepe Sanch\u00eds, director deportivo de la entidad, han flanqueado al concejal de Deportes, Javi Jord\u00e1, en lo que ha sido la puesta de largo de esta zamarra de edici\u00f3n limitada y que, tras el choque ante el Bar\u00e7a, acabar\u00e1 en manos de apenas una veintena de afortunados aficionados.<\/p>   <p>Para ello, ha explicado Balongo, el club ha organizado una rifa cuyas papeletas ya est\u00e1n a la venta con un precio de cinco euros. Con ellas, los aficionados podr\u00e1n hacerse con lo que, sin duda, ser\u00e1 toda una pieza de coleccionista: la camiseta con la que cada uno de los jugadores del Servigroup Hoteles Benidorm dispute el encuentro.<\/p>   <p>Despu\u00e9s de las dos emocionantes victorias ante Puente Genil y Villa de Aranda, la moral en el club ha ganado muchos enteros y, lo que es m\u00e1s importante, la afici\u00f3n parece haberse enganchado, todav\u00eda m\u00e1s si cabe, con su equipo con una afluencia masiva a cada uno de esos choques.<\/p>   <p>     .c-w {         max-width: 662px;         width: 100%;         margin:12px 0 24px auto;         background: #00755E;         border-radius: 99px;         display: flex;         align-items: center;         justify-content: center;     }     .c-w:hover {         background-color:#6CB3A5;     }      .c-w a {         display: flex;         align-items: center;         justify-content: center;         padding: 6px 0;         width:100%;     }      .c-w img {         width: 24px;         margin-right: 12px;     }      .c-w p {         font: 18px\/30px Poppins;         text-align: center;         color: #fff;         margin: 0;     }      @media (max-width:444px) {         .c-w a {             padding: 4px 12px;         }          .c-w img {             width: 24px;             margin-right: 8px;         }          .c-w p {             font: 14px\/25px Poppins;         }     }      @media (max-width:335px) {         .c-w p {             font: 13px\/25px Poppins;         }     }  <div class=\"c-w\"> <a href=\"https:\/\/www.whatsapp.com\/channel\/0029Va633PF9WtC4l7XUzh1e\" rel=\"nofollow\" target=\"_blank\">         <img decoding=\"async\" src=\"https:\/\/cadenaser.com\/estaticos\/recursosgraficos\/responsive\/img\/ico-whatsapp.svg\" alt=\"Whatsapp\">         <p>\u00danete al <b>canal de WhatsApp<\/b> de la SER<\/p>     <\/a> <\/div><\/p>   <p>Es por ello que, ha explicado Balongo, con la edici\u00f3n de estas camisetas tambi\u00e9n pretenden ser una muestra de agradecimiento Benidorm ya que \u201cqueremos que sea una muestra de la uni\u00f3n del club con la ciudad\u201d.<\/p>   <p>Por su parte, Jos\u00e9 Sanch\u00eds ha precisado que la intenci\u00f3n de su propuesta es \u201cdar un mayor impulso al 700 aniversario de la ciudad y qu\u00e9 mejor que hacerlo el d\u00eda del partido contra el Bar\u00e7a. Es una gran alegr\u00eda que el club se involucre en estas cuestiones y un motivo m\u00e1s para que el s\u00e1bado sea una fiesta\u201d.<\/p>   <p><b>C\u00f3mo conseguir tu camiseta \u00fanica<\/b><\/p>  <p><figure><img decoding=\"async\" src=\"https:\/\/cadenaser.com\/resizer\/v2\/SRK5ZABF75BWLA7GLXYWHEHQ4Q.JPG?auth=7af562d189800ff63bc99b3d0c61f6924c9c7605d42d2c0f192c31862f9de552&amp;quality=70&amp;width=650&amp;height=487&amp;smart=true\" width=\"4\" height=\"3\" loading=\"lazy\" \/><figcaption class=\"fc\"><p><span>Usuario<\/span><\/p><\/figcaption><\/figure><button class=\"bt-am\">Ampliar<\/button><div class=\"lb d-none\"><div><figure><img loading=\"lazy\" decoding=\"async\" src=\"https:\/\/cadenaser.com\/resizer\/v2\/SRK5ZABF75BWLA7GLXYWHEHQ4Q.JPG?auth=7af562d189800ff63bc99b3d0c61f6924c9c7605d42d2c0f192c31862f9de552\" width=\"4\" height=\"3\" \/><figcaption class=\"fc\"><p><span>Usuario<\/span><\/p><\/figcaption><\/figure><button>Cerrar<\/button><\/div><\/div><\/p>   <p>Para conseguir un n\u00famero (o varios) para esa rifa, existen dos opciones:<\/p>   <p><li>En el Palau d&#8217;Esports, el mismo d\u00eda del partido, en el mostrador que el club habilitar\u00e1 a la entrada.<\/li><li>Por tel\u00e9fono, llamando o enviando un Whatsapp al 601 54 19 41. El horario de atenci\u00f3n telef\u00f3nica es de 10:00 a 13:30 y de 17:00 a 20:00 horas.<\/li><\/p> ","protected":false},"excerpt":{"rendered":"<p>La entidad sortear\u00e1 las que usen los jugadores entre el p\u00fablico que asista al partido ante el Bar\u00e7a<\/p>\n","protected":false},"author":0,"featured_media":14030,"comment_status":"open","ping_status":"open","sticky":false,"template":"","format":"standard","meta":{"_acf_changed":false,"footnotes":""},"categories":[16],"tags":[],"class_list":["post-14029","post","type-post","status-publish","format-standard","has-post-thumbnail","hentry","category-deportes"],"acf":{"ser_id":"EXJU5LSN65A65I7WRXLPDJY3UE","ser_url":"https:\/\/cadenaser.com\/comunitat-valenciana\/2025\/04\/08\/el-balonmano-benidorm-celebra-los-700-anos-de-la-ciudad-con-una-camiseta-unica-radio-benidorm\/"},"_links":{"self":[{"href":"https:\/\/serbenidorm.daliisolutions.com\/index.php\/wp-json\/wp\/v2\/posts\/14029","targetHints":{"allow":["GET"]}}],"collection":[{"href":"https:\/\/serbenidorm.daliisolutions.com\/index.php\/wp-json\/wp\/v2\/posts"}],"about":[{"href":"https:\/\/serbenidorm.daliisolutions.com\/index.php\/wp-json\/wp\/v2\/types\/post"}],"replies":[{"embeddable":true,"href":"https:\/\/serbenidorm.daliisolutions.com\/index.php\/wp-json\/wp\/v2\/comments?post=14029"}],"version-history":[{"count":0,"href":"https:\/\/serbenidorm.daliisolutions.com\/index.php\/wp-json\/wp\/v2\/posts\/14029\/revisions"}],"wp:featuredmedia":[{"embeddable":true,"href":"https:\/\/serbenidorm.daliisolutions.com\/index.php\/wp-json\/wp\/v2\/media\/14030"}],"wp:attachment":[{"href":"https:\/\/serbenidorm.daliisolutions.com\/index.php\/wp-json\/wp\/v2\/media?parent=14029"}],"wp:term":[{"taxonomy":"category","embeddable":true,"href":"https:\/\/serbenidorm.daliisolutions.com\/index.php\/wp-json\/wp\/v2\/categories?post=14029"},{"taxonomy":"post_tag","embeddable":true,"href":"https:\/\/serbenidorm.daliisolutions.com\/index.php\/wp-json\/wp\/v2\/tags?post=14029"}],"curies":[{"name":"wp","href":"https:\/\/api.w.org\/{rel}","templated":true}]}}