{"id":14053,"date":"2025-04-09T08:42:03","date_gmt":"2025-04-09T06:42:03","guid":{"rendered":"https:\/\/serbenidorm.daliisolutions.com\/index.php\/2025\/04\/09\/educacion-introduce-novedades-en-las-base-de-las-ayudas-de-0-a-3-para-facilitar-el-cambio-de-centro-y-agilizar-tramites\/"},"modified":"2025-04-09T08:42:03","modified_gmt":"2025-04-09T06:42:03","slug":"educacion-introduce-novedades-en-las-base-de-las-ayudas-de-0-a-3-para-facilitar-el-cambio-de-centro-y-agilizar-tramites","status":"publish","type":"post","link":"https:\/\/serbenidorm.daliisolutions.com\/index.php\/2025\/04\/09\/educacion-introduce-novedades-en-las-base-de-las-ayudas-de-0-a-3-para-facilitar-el-cambio-de-centro-y-agilizar-tramites\/","title":{"rendered":"Educaci\u00f3n introduce novedades en las base de las ayudas de 0 a 3 para facilitar el cambio de centro y agilizar tr\u00e1mites"},"content":{"rendered":"  <p><div data-adtype=\"MLDB\"><\/div><\/p>   <p>Valencia<\/p>   <p>La Conselleria de Educaci\u00f3n, Cultura, Universidades y Empleo introduce novedades en las bases reguladoras de la ayuda de la educaci\u00f3n de 0 a 3 a\u00f1os \u00abcon el objetivo de facilitar los tr\u00e1mites y ofrecer un mejor servicio a las familias de este alumnado\u00bb. De esta manera, se simplifica el cambio de centro, manteniendo la ayuda y se agiliza la tramitaci\u00f3n de altas y bajas. Adem\u00e1s, se incluyen nuevas causas para poder solicitar la ayuda fuera del plazo ordinario.<\/p>   <p>La administraci\u00f3n ha convocado este martes la Mesa de participaci\u00f3n de la educaci\u00f3n de 0 a 3 a\u00f1os, a la que ha asistido el conseller de Educaci\u00f3n, Jos\u00e9 Antonio Rovira, para aprobar las bases reguladoras de las ayudas econ\u00f3micas destinadas a la escolarizaci\u00f3n en los centros privados autorizados de Educaci\u00f3n Infantil y escuelas infantiles municipales de primer ciclo de la Comunitat Valenciana.<\/p>   <p>Entre las novedades, destaca que no sea necesaria la acreditaci\u00f3n de una situaci\u00f3n espec\u00edfica para solicitar el cambio de centro, para de este modo dar una respuesta m\u00e1s efectiva a las situaciones particulares de las familias solicitantes de la ayuda manteniendo la ayuda concedida.<\/p>   <p>Adem\u00e1s, los centros y escuelas infantiles podr\u00e1n gestionar las altas y bajas del alumnado, por cambio de escuela infantil o por cualquier otro motivo, de acuerdo con lo que se determine en la convocatoria, evitando tr\u00e1mites burocr\u00e1ticos para agilizar su tramitaci\u00f3n, enumeran desde el departamento de Campanar.<\/p>   <p>Asimismo, se han incluido nuevas causas para poder solicitar la ayuda fuera del plazo ordinario: alumnado afectado por desahucio familiar o por otras situaciones graves de exclusi\u00f3n social acreditadas; traslado de residencia de la unidad familiar derivado de movilidad de cualquiera de las personas responsables legales; en situaciones de emergencia para garantizar la atenci\u00f3n socioeducativa del alumnado afectado; y alumnado matriculado en un puesto escolar de un aula subvencionada en una escuela infantil municipal.<\/p>   <p>     .c-w {         max-width: 662px;         width: 100%;         margin:12px 0 24px auto;         background: #00755E;         border-radius: 99px;         display: flex;         align-items: center;         justify-content: center;     }     .c-w:hover {         background-color:#6CB3A5;     }      .c-w a {         display: flex;         align-items: center;         justify-content: center;         padding: 6px 0;         width:100%;     }      .c-w img {         width: 24px;         margin-right: 12px;     }      .c-w p {         font: 18px\/30px Poppins;         text-align: center;         color: #fff;         margin: 0;     }      @media (max-width:444px) {         .c-w a {             padding: 4px 12px;         }          .c-w img {             width: 24px;             margin-right: 8px;         }          .c-w p {             font: 14px\/25px Poppins;         }     }      @media (max-width:335px) {         .c-w p {             font: 13px\/25px Poppins;         }     }  <div class=\"c-w\"> <a href=\"https:\/\/www.whatsapp.com\/channel\/0029Va633PF9WtC4l7XUzh1e\" rel=\"nofollow\" target=\"_blank\">         <img decoding=\"async\" src=\"https:\/\/cadenaser.com\/estaticos\/recursosgraficos\/responsive\/img\/ico-whatsapp.svg\" alt=\"Whatsapp\">         <p>\u00danete al <b>canal de WhatsApp<\/b> de la SER<\/p>     <\/a> <\/div><\/p>   <p>Agilizar tramitaci\u00f3n<\/p>   <p>La convocatoria de estas ayudas, que se publicar\u00e1 pr\u00f3ximamente, incluir\u00e1 m\u00e1s novedades con el objetivo de que los centros puedan participar activamente a la hora de gestionar las ayudas y de que las familias puedan beneficiarse de las mismas, agilizando su tramitaci\u00f3n.<\/p>   <p>El curso actual es el primero en que la gratuidad de la educaci\u00f3n de 0 a 3 a\u00f1os es una realidad en la Comunitat Valenciana. La Generalitat estableci\u00f3 esta medida, con una dotaci\u00f3n de casi 163 millones de euros, para \u00abfavorecer la conciliaci\u00f3n familiar y contrarrestar las desigualdades sociales, ofreciendo las mismas oportunidades a los ni\u00f1os sin importar su entorno socioecon\u00f3mico\u00bb, recuerdan.<\/p>   <p><i>Sigue toda la \u00faltima hora en el canal de Whatsapp de Radio Valencia: <\/i><a href=\"https:\/\/eur01.safelinks.protection.outlook.com\/?url=https%3A%2F%2Fwhatsapp.com%2Fchannel%2F0029VaHjyqSFHWq2Q3iHB33R&amp;data=05%7C02%7Cjfores%40prisaradio.com%7C9cf93b8bc68040c162ea08dca66399b3%7Cc4fd49f3e15a44d882e2c909735d2e45%7C0%7C0%7C638568193933277239%7CUnknown%7CTWFpbGZsb3d8eyJWIjoiMC4wLjAwMDAiLCJQIjoiV2luMzIiLCJBTiI6Ik1haWwiLCJXVCI6Mn0%3D%7C0%7C%7C%7C&amp;sdata=wXicRJgfTg5wCWBTdUk%2FIrtJAULqiLUxrhnLmtwSKf0%3D&amp;reserved=0\" target=\"_blank\" rel=\"nofollow\" title=\"Direcci\u00f3n URL original: https:\/\/whatsapp.com\/channel\/0029VaHjyqSFHWq2Q3iHB33R. Haga clic o pulse si conf\u00eda en este v\u00ednculo.\"><i>haz clic aqu\u00ed y suscr\u00edbete<\/i><\/a><i> para recibir toda la informaci\u00f3n y la actualidad del d\u00eda en tu m\u00f3vil.<\/i><\/p> ","protected":false},"excerpt":{"rendered":"<p>Entre las novedades, destaca que no sea necesaria la acreditaci\u00f3n de una situaci\u00f3n espec\u00edfica para solicitar el cambio de centro<\/p>\n","protected":false},"author":0,"featured_media":14054,"comment_status":"open","ping_status":"open","sticky":false,"template":"","format":"standard","meta":{"_acf_changed":false,"footnotes":""},"categories":[1],"tags":[],"class_list":["post-14053","post","type-post","status-publish","format-standard","has-post-thumbnail","hentry","category-sin-categoria"],"acf":{"ser_id":"FHJOVEYRM5EFFGR7OUT4OGGVOA","ser_url":"https:\/\/cadenaser.com\/comunitat-valenciana\/2025\/04\/08\/educacion-introduce-novedades-en-las-base-de-las-ayudas-de-0-a-3-para-facilitar-el-cambio-de-centro-y-agilizar-tramites-radio-valencia\/"},"_links":{"self":[{"href":"https:\/\/serbenidorm.daliisolutions.com\/index.php\/wp-json\/wp\/v2\/posts\/14053","targetHints":{"allow":["GET"]}}],"collection":[{"href":"https:\/\/serbenidorm.daliisolutions.com\/index.php\/wp-json\/wp\/v2\/posts"}],"about":[{"href":"https:\/\/serbenidorm.daliisolutions.com\/index.php\/wp-json\/wp\/v2\/types\/post"}],"replies":[{"embeddable":true,"href":"https:\/\/serbenidorm.daliisolutions.com\/index.php\/wp-json\/wp\/v2\/comments?post=14053"}],"version-history":[{"count":0,"href":"https:\/\/serbenidorm.daliisolutions.com\/index.php\/wp-json\/wp\/v2\/posts\/14053\/revisions"}],"wp:featuredmedia":[{"embeddable":true,"href":"https:\/\/serbenidorm.daliisolutions.com\/index.php\/wp-json\/wp\/v2\/media\/14054"}],"wp:attachment":[{"href":"https:\/\/serbenidorm.daliisolutions.com\/index.php\/wp-json\/wp\/v2\/media?parent=14053"}],"wp:term":[{"taxonomy":"category","embeddable":true,"href":"https:\/\/serbenidorm.daliisolutions.com\/index.php\/wp-json\/wp\/v2\/categories?post=14053"},{"taxonomy":"post_tag","embeddable":true,"href":"https:\/\/serbenidorm.daliisolutions.com\/index.php\/wp-json\/wp\/v2\/tags?post=14053"}],"curies":[{"name":"wp","href":"https:\/\/api.w.org\/{rel}","templated":true}]}}