{"id":14058,"date":"2025-04-09T18:24:20","date_gmt":"2025-04-09T16:24:20","guid":{"rendered":"https:\/\/serbenidorm.daliisolutions.com\/index.php\/2025\/04\/09\/alumnos-del-ies-bernat-de-sarria-escenifican-su-version-de-la-carta-pobla-de-benidorm\/"},"modified":"2025-04-09T18:24:20","modified_gmt":"2025-04-09T16:24:20","slug":"alumnos-del-ies-bernat-de-sarria-escenifican-su-version-de-la-carta-pobla-de-benidorm","status":"publish","type":"post","link":"https:\/\/serbenidorm.daliisolutions.com\/index.php\/2025\/04\/09\/alumnos-del-ies-bernat-de-sarria-escenifican-su-version-de-la-carta-pobla-de-benidorm\/","title":{"rendered":"Alumnos del IES Bernat de Sarri\u00e0 escenifican su versi\u00f3n de la Carta Pobla de Benidorm"},"content":{"rendered":"  <p><div data-adtype=\"MLDB\"><\/div><\/p>   <p>Benidorm<\/p>   <p>Los alumnos del Taller de Teatro del IES Bernat de Sarri\u00e0 han reversionado el texto en el que se basa la representaci\u00f3n del Otorgamiento de la Carta Pobla de Benidorm y escenificar\u00e1n su propia versi\u00f3n este viernes 11 de abril en el sal\u00f3n de actos del centro. <\/p>   <p>Se trata de uno de los munchos actos que este instituto ha programado para conmemorar el 700 aniversario del nacimiento de Benidorm y la otorgaci\u00f3n, de manos de Bernat de Sarri\u00e0, del documento que le daba la condici\u00f3n de ciudad independiente. <\/p>   <p>El profesor del Taller de Teatro, Ricardo Molina, y las alumnas y actrices Paula Fern\u00e1ndez y Lola L\u00f3pez, han estado en <a href=\"https:\/\/radiobenidorm.es\" target=\"_blank\" rel=\"nofollow\" title=\"https:\/\/radiobenidorm.es\">Hoy por Hoy Benidorm<\/a> para contar c\u00f3mo han adaptado y guionizado un texto antiguo para darle un lenguaje m\u00e1s moderno y contar esta parte de la historia de la ciudad a las nuevas generaciones. <\/p>   <p>Relatan a Radio Benidorm que, adem\u00e1s del lenguaje cercano, \u00abhemos introducido algunos toques de humor y algunos anacronismos que hacen <a href=\"https:\/\/cadenaser.com\/comunitat-valenciana\/2023\/05\/05\/benidorm-conmemora-este-sabado-su-carta-pobla-radio-benidorm\/\" target=\"_blank\" rel=\"nofollow\" title=\"https:\/\/cadenaser.com\/comunitat-valenciana\/2023\/05\/05\/benidorm-conmemora-este-sabado-su-carta-pobla-radio-benidorm\/\">esta versi\u00f3n m\u00e1s divertida y amena<\/a>\u00ab. <\/p>   <p>El resultado se podr\u00e1 ver en cinco representaciones. Las dos primeras en una funci\u00f3n doble el viernes 11 de abril para el alumnado del centro, la tercera el mi\u00e9rcoles 16 de abril para colectivos asociaciones locales, la cuarta el 7 de mayo para los dem\u00e1s institutos de la ciudad y una \u00faltima abierta al p\u00fablico en general que se cambiar\u00e1 el escenario del IES Bernat de Sarri\u00e0 por el Sal\u00f3n de Actos del Ayuntamiento. <\/p>   <p>     .c-w {         max-width: 662px;         width: 100%;         margin:12px 0 24px auto;         background: #00755E;         border-radius: 99px;         display: flex;         align-items: center;         justify-content: center;     }     .c-w:hover {         background-color:#6CB3A5;     }      .c-w a {         display: flex;         align-items: center;         justify-content: center;         padding: 6px 0;         width:100%;     }      .c-w img {         width: 24px;         margin-right: 12px;     }      .c-w p {         font: 18px\/30px Poppins;         text-align: center;         color: #fff;         margin: 0;     }      @media (max-width:444px) {         .c-w a {             padding: 4px 12px;         }          .c-w img {             width: 24px;             margin-right: 8px;         }          .c-w p {             font: 14px\/25px Poppins;         }     }      @media (max-width:335px) {         .c-w p {             font: 13px\/25px Poppins;         }     }  <div class=\"c-w\"> <a href=\"https:\/\/www.whatsapp.com\/channel\/0029Va633PF9WtC4l7XUzh1e\" rel=\"nofollow\" target=\"_blank\">         <img decoding=\"async\" src=\"https:\/\/cadenaser.com\/estaticos\/recursosgraficos\/responsive\/img\/ico-whatsapp.svg\" alt=\"Whatsapp\">         <p>\u00danete al <b>canal de WhatsApp<\/b> de la SER<\/p>     <\/a> <\/div><\/p> ","protected":false},"excerpt":{"rendered":"<p>Los alumnos han adaptado el texto a un leguaje actual para acercar el 700 aniversario de Benidorm a los j\u00f3venes<\/p>\n","protected":false},"author":0,"featured_media":14059,"comment_status":"open","ping_status":"open","sticky":false,"template":"","format":"standard","meta":{"_acf_changed":false,"footnotes":""},"categories":[1],"tags":[],"class_list":["post-14058","post","type-post","status-publish","format-standard","has-post-thumbnail","hentry","category-sin-categoria"],"acf":{"ser_id":"FWYLBBWWWZEHFDTUKKPNC4GD6Y","ser_url":"https:\/\/cadenaser.com\/comunitat-valenciana\/2025\/04\/09\/alumnos-del-ies-bernat-de-sarria-escenifican-su-version-de-la-carta-pobla-de-benidorm-radio-benidorm\/"},"_links":{"self":[{"href":"https:\/\/serbenidorm.daliisolutions.com\/index.php\/wp-json\/wp\/v2\/posts\/14058","targetHints":{"allow":["GET"]}}],"collection":[{"href":"https:\/\/serbenidorm.daliisolutions.com\/index.php\/wp-json\/wp\/v2\/posts"}],"about":[{"href":"https:\/\/serbenidorm.daliisolutions.com\/index.php\/wp-json\/wp\/v2\/types\/post"}],"replies":[{"embeddable":true,"href":"https:\/\/serbenidorm.daliisolutions.com\/index.php\/wp-json\/wp\/v2\/comments?post=14058"}],"version-history":[{"count":0,"href":"https:\/\/serbenidorm.daliisolutions.com\/index.php\/wp-json\/wp\/v2\/posts\/14058\/revisions"}],"wp:featuredmedia":[{"embeddable":true,"href":"https:\/\/serbenidorm.daliisolutions.com\/index.php\/wp-json\/wp\/v2\/media\/14059"}],"wp:attachment":[{"href":"https:\/\/serbenidorm.daliisolutions.com\/index.php\/wp-json\/wp\/v2\/media?parent=14058"}],"wp:term":[{"taxonomy":"category","embeddable":true,"href":"https:\/\/serbenidorm.daliisolutions.com\/index.php\/wp-json\/wp\/v2\/categories?post=14058"},{"taxonomy":"post_tag","embeddable":true,"href":"https:\/\/serbenidorm.daliisolutions.com\/index.php\/wp-json\/wp\/v2\/tags?post=14058"}],"curies":[{"name":"wp","href":"https:\/\/api.w.org\/{rel}","templated":true}]}}